{"id":57647,"date":"2016-02-28T21:00:20","date_gmt":"2016-02-29T00:00:20","guid":{"rendered":"http:\/\/www.elsindical.com.ar\/notas\/?p=57647"},"modified":"2017-05-26T09:47:08","modified_gmt":"2017-05-26T12:47:08","slug":"conferencia-de-prensa-del-sipreba-y-los-trabajadores-de-radio-america-tiempo-argentino-y-el-grupo-23","status":"publish","type":"post","link":"https:\/\/www.elsindical.com.ar\/notas\/conferencia-de-prensa-del-sipreba-y-los-trabajadores-de-radio-america-tiempo-argentino-y-el-grupo-23\/","title":{"rendered":"Conferencia de Prensa del SiPreBA y los Trabajadores de Radio Am\u00e9rica, Tiempo Argentino y el Grupo 23."},"content":{"rendered":"<p><strong><a href=\"http:\/\/www.elsindical.com.ar\/notas\/var\/www\/html\/notas\/wp-content\/uploads\/2016\/02\/No-vaciamiento-Grupo-23.jpg\" rel=\"attachment wp-att-57648\"><img loading=\"lazy\" decoding=\"async\" class=\"alignnone size-medium wp-image-57648\" src=\"http:\/\/www.elsindical.com.ar\/notas\/var\/www\/html\/notas\/wp-content\/uploads\/2016\/02\/No-vaciamiento-Grupo-23-300x202.jpg\" alt=\"No-vaciamiento-Grupo-23\" width=\"300\" height=\"202\" srcset=\"https:\/\/www.elsindical.com.ar\/notas\/var\/www\/html\/notas\/wp-content\/uploads\/2016\/02\/No-vaciamiento-Grupo-23-300x202.jpg 300w, https:\/\/www.elsindical.com.ar\/notas\/var\/www\/html\/notas\/wp-content\/uploads\/2016\/02\/No-vaciamiento-Grupo-23-445x300.jpg 445w, https:\/\/www.elsindical.com.ar\/notas\/var\/www\/html\/notas\/wp-content\/uploads\/2016\/02\/No-vaciamiento-Grupo-23.jpg 620w\" sizes=\"auto, (max-width: 300px) 100vw, 300px\" \/><\/a>COMUNICADO DE PRENSA Y CONVOCATORIA A ORGANIZACIONES POL\u00cdTICAS, SINDICALES Y SOCIALES<\/strong><\/p>\n<p>Los Trabajadores de Radio Am\u00e9rica,\u00a0Tiempo Argentino y el Grupo 23 (que no cobran sus haberes desde el mes de diciembre incluyendo el aguinaldo)\u00a0junto al\u00a0Sindicato de Prensa de Buenos Aires\u00a0(SiPreBA) y su Plenario de Delegados\u00a0que los nuclea, convocan a una Conferencia de Prensa el d\u00eda\u00a0lunes 29 de febrero a las 18 hs. en las puertas de las instalaciones del diario y la radio ubicadas en Amen\u00e1bar 23.<\/p>\n<p>All\u00ed anunciaremos una movilizaci\u00f3n\u00a0para el jueves 3 de Marzo a las 15\u00a0hs.\u00a0desde la 9 de Julio y Corrientes hasta la Jefatura de Gabinete de Ministros para exigir al Gobierno Nacional una respuesta\u00a0URGENTE\u00a0frente al vaciamiento que se est\u00e1 llevando adelante en el Grupo 23 y que compromete los puestos de trabajo de 800 trabajadores de prensa y el sustento de sus familias.<\/p>\n<p>Invitamos a las organizaciones sindicales, pol\u00edticas, sociales, estudiantiles y de DDHH a participar de la conferencia de prensa y posteriormente a un plenario para coordinar la movilizaci\u00f3n, como as\u00ed tambi\u00e9n a los medios de comunicaci\u00f3n a cubrir el evento.<\/p>\n<p><strong>SiPreBA \/\u00a0Asamblea de Trabajadores del Grupo 23<\/strong><\/p>\n<p>Contacto Notas:<\/p>\n<p><strong>Mart\u00edn Cangini\u00a0<\/strong>(Delegado SiPreBA en Radio Am\u00e9rica): 15-5104-3863<\/p>\n<p><strong>Daniela Gisbert\u00a0<\/strong>(Delegada SiPreBA en Radio Am\u00e9rica): 15-4175-1028<\/p>\n<p><strong>Sol Morano<\/strong>\u00a0(Comisi\u00f3n Directiva SiPreBA y trabajadora de Radio Am\u00e9rica): 15-6629-0005<\/p>\n<p><strong>Alejandro Wall\u00a0<\/strong>(Delegado SiPreBA en Tiempo Argentino): 15-5037-7203<\/p>\n<p><strong>Alfonso de Villalobos\u00a0<\/strong>(Delegado SiPreBA en Tiempo Argentino): 15-4047-5985<\/p>\n<p><strong>Claudio Mardones<\/strong>\u00a0(Delegado SiPreBA en Tiempo Argentino): 15-3551-5763<\/p>\n","protected":false},"excerpt":{"rendered":"<p>COMUNICADO DE PRENSA Y CONVOCATORIA A ORGANIZACIONES POL\u00cdTICAS, SINDICALES Y SOCIALES Los Trabajadores de Radio Am\u00e9rica,\u00a0Tiempo Argentino y el Grupo 23 (que no cobran sus haberes desde el mes de diciembre incluyendo el aguinaldo)\u00a0junto al\u00a0Sindicato de Prensa de Buenos Aires\u00a0(SiPreBA) y su Plenario de Delegados\u00a0que los nuclea, convocan a una Conferencia de Prensa el d\u00eda\u00a0lunes&hellip;<\/p>\n","protected":false},"author":1,"featured_media":0,"comment_status":"open","ping_status":"open","sticky":false,"template":"","format":"standard","meta":{"footnotes":""},"categories":[25],"tags":[1240,4882,20187,23059,21626,22909,3330],"class_list":["post-57647","post","type-post","status-publish","format-standard","hentry","category-sociedad","tag-asamblea","tag-conferencia-de-prensa","tag-grupo-23","tag-radio-america","tag-sipreba","tag-tiempo-argentino","tag-vaciamiento"],"_links":{"self":[{"href":"https:\/\/www.elsindical.com.ar\/notas\/wp-json\/wp\/v2\/posts\/57647","targetHints":{"allow":["GET"]}}],"collection":[{"href":"https:\/\/www.elsindical.com.ar\/notas\/wp-json\/wp\/v2\/posts"}],"about":[{"href":"https:\/\/www.elsindical.com.ar\/notas\/wp-json\/wp\/v2\/types\/post"}],"author":[{"embeddable":true,"href":"https:\/\/www.elsindical.com.ar\/notas\/wp-json\/wp\/v2\/users\/1"}],"replies":[{"embeddable":true,"href":"https:\/\/www.elsindical.com.ar\/notas\/wp-json\/wp\/v2\/comments?post=57647"}],"version-history":[{"count":1,"href":"https:\/\/www.elsindical.com.ar\/notas\/wp-json\/wp\/v2\/posts\/57647\/revisions"}],"predecessor-version":[{"id":57649,"href":"https:\/\/www.elsindical.com.ar\/notas\/wp-json\/wp\/v2\/posts\/57647\/revisions\/57649"}],"wp:attachment":[{"href":"https:\/\/www.elsindical.com.ar\/notas\/wp-json\/wp\/v2\/media?parent=57647"}],"wp:term":[{"taxonomy":"category","embeddable":true,"href":"https:\/\/www.elsindical.com.ar\/notas\/wp-json\/wp\/v2\/categories?post=57647"},{"taxonomy":"post_tag","embeddable":true,"href":"https:\/\/www.elsindical.com.ar\/notas\/wp-json\/wp\/v2\/tags?post=57647"}],"curies":[{"name":"wp","href":"https:\/\/api.w.org\/{rel}","templated":true}]}}