{"id":57616,"date":"2016-02-28T06:20:46","date_gmt":"2016-02-28T09:20:46","guid":{"rendered":"http:\/\/www.elsindical.com.ar\/notas\/?p=57616"},"modified":"2016-02-28T06:20:46","modified_gmt":"2016-02-28T09:20:46","slug":"aumento-a-docentes-bonaerenses","status":"publish","type":"post","link":"https:\/\/www.elsindical.com.ar\/notas\/aumento-a-docentes-bonaerenses\/","title":{"rendered":"Aumento a docentes bonaerenses"},"content":{"rendered":"<p><em><a href=\"http:\/\/www.elsindical.com.ar\/notas\/var\/www\/html\/notas\/wp-content\/uploads\/2016\/02\/aumento-docente-bonaerense-.jpg\" rel=\"attachment wp-att-57617\"><img loading=\"lazy\" decoding=\"async\" class=\"alignnone size-medium wp-image-57617\" src=\"http:\/\/www.elsindical.com.ar\/notas\/var\/www\/html\/notas\/wp-content\/uploads\/2016\/02\/aumento-docente-bonaerense--300x148.jpg\" alt=\"aumento-docente-bonaerense-\" width=\"300\" height=\"148\" srcset=\"https:\/\/www.elsindical.com.ar\/notas\/var\/www\/html\/notas\/wp-content\/uploads\/2016\/02\/aumento-docente-bonaerense--300x148.jpg 300w, https:\/\/www.elsindical.com.ar\/notas\/var\/www\/html\/notas\/wp-content\/uploads\/2016\/02\/aumento-docente-bonaerense--500x247.jpg 500w, https:\/\/www.elsindical.com.ar\/notas\/var\/www\/html\/notas\/wp-content\/uploads\/2016\/02\/aumento-docente-bonaerense-.jpg 531w\" sizes=\"auto, (max-width: 300px) 100vw, 300px\" \/><\/a>\u00a0 Aceptaron este s\u00e1bado la propuesta salarial del gobierno de Mar\u00eda Eugenia Vidal que implica 34,6 por ciento de incremento salarial. Los valores de sueldos para febrero, marzo y julio.\u00a0\u00a0\u00a0\u00a0<\/em><\/p>\n<p>Docentes bonaerenses aceptaron este s\u00e1bado la propuesta salarial del gobierno de Mar\u00eda Eugenia Vidal que implica 34,6 por ciento de incremento salarial, por lo que avisaron que el lunes \u00abcomienzan las clases normalmente\u00bb, mientras que todav\u00eda persiste el conflicto en siete provincias que anunciaron medidas de fuerza. Acordaron con el gobierno un sueldo inicial de 7.904 pesos en febrero, que llegar\u00eda a 8.846 pesos en marzo y a 9.801 pesos en julio.<\/p>\n<p>El acuerdo de los maestros bonaerenses lleg\u00f3 despu\u00e9s que las autoridades nacionales cerraron la paritaria nacional y decidieron aumentar el Fondo de Incentivo Docente, lo que significa un respaldo fuerte para las administraciones provinciales.<\/p>\n<p>El Frente Gremial Docente Bonaerense acept\u00f3 un aumento del 25 por ciento en el sueldo del maestro con fondos de la provincia y completar el incremento con posteriores recursos del gobierno nacional, hasta llegar a un sueldo de 9.801 pesos, en julio.<\/p>\n<p>Sin embargo, el ministro de Educaci\u00f3n, Esteban Bullrich, reproch\u00f3 que muchas de las provincias en conflicto convocaron a un paro para el lunes sin esperar a que cerrara la paritaria nacional, que marca un incremento de hasta el 40 por ciento, en el caso de los salarios iniciales. \u00abHay que agotar todas las instancias y estamos trabajando con cada uno de los gobiernos provinciales porque no queremos conflictos prolongados\u00bb, enfatiz\u00f3 el funcionario en declaraciones radiales.<\/p>\n<p>Para el secretario general de Suteba, Roberto Baradel, la dilaci\u00f3n en la discusi\u00f3n salarial fue culpa del gobierno nacional, por lo que reclam\u00f3 \u00abterminar con estas negociaciones contrarreloj\u00bb.<\/p>\n<p>Baradel sostuvo que \u00abno es responsabilidad\u00bb de los gremios \u00abhaber llegado a esta instancia sin una respuesta\u00bb y remarc\u00f3 que \u00abel gobierno nacional ha cometido un gran error en no haber oficializado la propuesta la semana pasada, lo que gener\u00f3 un conflicto en varias provincias\u00bb que el lunes no comenzar\u00e1n las clases.<\/p>\n<p>El conflicto salarial docente lleg\u00f3 hasta Roma, donde el presidente Mauricio Macri viaj\u00f3 para reunirse con el papa Francisco, ya que all\u00ed el mandatario expres\u00f3 que el gobierno nacional est\u00e1 \u00abtrabajando\u00bb para que se inicien las clases y abog\u00f3 por \u00abmejorar la calidad de la educaci\u00f3n\u00bb porque en los \u00faltimos diez a\u00f1os \u00abse deterior\u00f3\u00bb.<\/p>\n<p>\u00abProvincia por provincia est\u00e1n discutiendo sus situaciones particulares con los gremios docentes. Estamos trabajando para lograr ayudar para que comiencen las clases\u00bb, indic\u00f3 el jefe de Estado.<\/p>\n<p>M\u00e1s all\u00e1 del acuerdo en el distrito bonaerense, que nuclea la mayor cantidad de docentes del pa\u00eds, todav\u00eda pervive el conflicto en otras provincias que contin\u00faan con \u00abnegociaciones de \u00faltimo momento\u00bb para que el lunes puedan comenzar las clases.<\/p>\n","protected":false},"excerpt":{"rendered":"<p>\u00a0 Aceptaron este s\u00e1bado la propuesta salarial del gobierno de Mar\u00eda Eugenia Vidal que implica 34,6 por ciento de incremento salarial. Los valores de sueldos para febrero, marzo y julio.\u00a0\u00a0\u00a0\u00a0 Docentes bonaerenses aceptaron este s\u00e1bado la propuesta salarial del gobierno de Mar\u00eda Eugenia Vidal que implica 34,6 por ciento de incremento salarial, por lo que&hellip;<\/p>\n","protected":false},"author":1,"featured_media":0,"comment_status":"open","ping_status":"open","sticky":false,"template":"","format":"standard","meta":{"footnotes":""},"categories":[25],"tags":[357,494,2058,497,7265],"class_list":["post-57616","post","type-post","status-publish","format-standard","hentry","category-sociedad","tag-aumento","tag-bonaerenses","tag-clases","tag-docentes","tag-maria-eugenia-vidal"],"_links":{"self":[{"href":"https:\/\/www.elsindical.com.ar\/notas\/wp-json\/wp\/v2\/posts\/57616","targetHints":{"allow":["GET"]}}],"collection":[{"href":"https:\/\/www.elsindical.com.ar\/notas\/wp-json\/wp\/v2\/posts"}],"about":[{"href":"https:\/\/www.elsindical.com.ar\/notas\/wp-json\/wp\/v2\/types\/post"}],"author":[{"embeddable":true,"href":"https:\/\/www.elsindical.com.ar\/notas\/wp-json\/wp\/v2\/users\/1"}],"replies":[{"embeddable":true,"href":"https:\/\/www.elsindical.com.ar\/notas\/wp-json\/wp\/v2\/comments?post=57616"}],"version-history":[{"count":1,"href":"https:\/\/www.elsindical.com.ar\/notas\/wp-json\/wp\/v2\/posts\/57616\/revisions"}],"predecessor-version":[{"id":57618,"href":"https:\/\/www.elsindical.com.ar\/notas\/wp-json\/wp\/v2\/posts\/57616\/revisions\/57618"}],"wp:attachment":[{"href":"https:\/\/www.elsindical.com.ar\/notas\/wp-json\/wp\/v2\/media?parent=57616"}],"wp:term":[{"taxonomy":"category","embeddable":true,"href":"https:\/\/www.elsindical.com.ar\/notas\/wp-json\/wp\/v2\/categories?post=57616"},{"taxonomy":"post_tag","embeddable":true,"href":"https:\/\/www.elsindical.com.ar\/notas\/wp-json\/wp\/v2\/tags?post=57616"}],"curies":[{"name":"wp","href":"https:\/\/api.w.org\/{rel}","templated":true}]}}