{"id":5756,"date":"2010-04-22T11:19:36","date_gmt":"2010-04-22T14:19:36","guid":{"rendered":"http:\/\/www.elsindical.com.ar\/notas\/?p=5756"},"modified":"2010-04-22T11:19:36","modified_gmt":"2010-04-22T14:19:36","slug":"condenaron-por-robo-al-hermano-de-adabel-guerrero","status":"publish","type":"post","link":"https:\/\/www.elsindical.com.ar\/notas\/condenaron-por-robo-al-hermano-de-adabel-guerrero\/","title":{"rendered":"Condenaron por robo al hermano de Adabel Guerrero"},"content":{"rendered":"<p style=\"text-align: justify;\"><em><a href=\"http:\/\/www.elsindical.com.ar\/notas\/var\/www\/html\/notas\/wp-content\/uploads\/2010\/03\/Adabel-Guerrero-pistola-de-.jpg\"><img loading=\"lazy\" decoding=\"async\" class=\"alignleft size-full wp-image-4713\" title=\"Adabel-Guerrero-pistola-de-\" src=\"http:\/\/www.elsindical.com.ar\/notas\/var\/www\/html\/notas\/wp-content\/uploads\/2010\/03\/Adabel-Guerrero-pistola-de-.jpg\" alt=\"\" width=\"227\" height=\"162\" \/><\/a>La pena para Emiliano Cid Guerrero ser\u00e1 de 18 meses de prisi\u00f3n, seg\u00fan determin\u00f3 la justicia penal platense.<\/em><\/p>\n<p style=\"text-align: justify;\">En un juicio abreviado, la justicia penal platense conden\u00f3 a la pena de<strong> \u00abun a\u00f1o y medio de prisi\u00f3n\u00bb <\/strong>al hermano de la vedette Adabel Guerrero, Emiliano Cid Guerrero, quien hab\u00eda sido detenido hace un mes cuando estaba robando las pertenencias de un auto en la ciudad de La Plata.<\/p>\n<p>Guerrero, que tiene antecedentes por un hecho similar, fue demorado el pasado 19 de marzo en la calle 39 entre 29 y 30, por parte de personal de la comisar\u00eda 4\u00b0 de La Plata.<\/p>\n<p>Voceros policiales dijeron al sitio <em>Online-911.com<\/em> que el hermano de la vedette <strong>fue sorprendido junto a un c\u00f3mplice cuando intentaba robar un <em>Fiat Spazio.<\/em><br \/>\n<\/strong><br \/>\n<strong>De acuerdo a las fuentes, los ladrones habr\u00edan robado, minutos antes, las pertenencias de otro coche similar que estaba estacionado en la misma cuadra.<br \/>\n<\/strong><br \/>\nEn el proceso, intervino el fiscal del Fuero de Flagrancia, Juan Cruz Condom\u00ed Alcorta, y el juzgado de garant\u00edas, a cargo de Juan Pablo Masi, quien dict\u00f3 el fallo.<\/p>\n","protected":false},"excerpt":{"rendered":"<p>La pena para Emiliano Cid Guerrero ser\u00e1 de 18 meses de prisi\u00f3n, seg\u00fan determin\u00f3 la justicia penal platense. En un juicio abreviado, la justicia penal platense conden\u00f3 a la pena de \u00abun a\u00f1o y medio de prisi\u00f3n\u00bb al hermano de la vedette Adabel Guerrero, Emiliano Cid Guerrero, quien hab\u00eda sido detenido hace un mes cuando&hellip;<\/p>\n","protected":false},"author":1,"featured_media":0,"comment_status":"open","ping_status":"open","sticky":false,"template":"","format":"standard","meta":{"footnotes":""},"categories":[20],"tags":[2469,3044,41,3045,116],"class_list":["post-5756","post","type-post","status-publish","format-standard","hentry","category-judiciales","tag-adabel-guerrero","tag-emiliano-cid-guerrero","tag-justicia","tag-pena","tag-robo"],"_links":{"self":[{"href":"https:\/\/www.elsindical.com.ar\/notas\/wp-json\/wp\/v2\/posts\/5756","targetHints":{"allow":["GET"]}}],"collection":[{"href":"https:\/\/www.elsindical.com.ar\/notas\/wp-json\/wp\/v2\/posts"}],"about":[{"href":"https:\/\/www.elsindical.com.ar\/notas\/wp-json\/wp\/v2\/types\/post"}],"author":[{"embeddable":true,"href":"https:\/\/www.elsindical.com.ar\/notas\/wp-json\/wp\/v2\/users\/1"}],"replies":[{"embeddable":true,"href":"https:\/\/www.elsindical.com.ar\/notas\/wp-json\/wp\/v2\/comments?post=5756"}],"version-history":[{"count":2,"href":"https:\/\/www.elsindical.com.ar\/notas\/wp-json\/wp\/v2\/posts\/5756\/revisions"}],"predecessor-version":[{"id":5758,"href":"https:\/\/www.elsindical.com.ar\/notas\/wp-json\/wp\/v2\/posts\/5756\/revisions\/5758"}],"wp:attachment":[{"href":"https:\/\/www.elsindical.com.ar\/notas\/wp-json\/wp\/v2\/media?parent=5756"}],"wp:term":[{"taxonomy":"category","embeddable":true,"href":"https:\/\/www.elsindical.com.ar\/notas\/wp-json\/wp\/v2\/categories?post=5756"},{"taxonomy":"post_tag","embeddable":true,"href":"https:\/\/www.elsindical.com.ar\/notas\/wp-json\/wp\/v2\/tags?post=5756"}],"curies":[{"name":"wp","href":"https:\/\/api.w.org\/{rel}","templated":true}]}}