{"id":57517,"date":"2016-02-24T01:54:32","date_gmt":"2016-02-24T04:54:32","guid":{"rendered":"http:\/\/www.elsindical.com.ar\/notas\/?p=57517"},"modified":"2016-02-24T01:54:32","modified_gmt":"2016-02-24T04:54:32","slug":"repudio-de-satha-a-las-amenazas-a-roberto-baradel","status":"publish","type":"post","link":"https:\/\/www.elsindical.com.ar\/notas\/repudio-de-satha-a-las-amenazas-a-roberto-baradel\/","title":{"rendered":"Repudio de SATHA a las amenazas a Roberto Baradel"},"content":{"rendered":"<p class=\"copete\"><em>\u00a0<a href=\"http:\/\/www.elsindical.com.ar\/notas\/var\/www\/html\/notas\/wp-content\/uploads\/2015\/05\/Gustavo-Arreseygor-secretario-general-del-SATHA.jpg\" rel=\"attachment wp-att-51115\"><img loading=\"lazy\" decoding=\"async\" class=\"alignnone size-medium wp-image-51115\" src=\"http:\/\/www.elsindical.com.ar\/notas\/var\/www\/html\/notas\/wp-content\/uploads\/2015\/05\/Gustavo-Arreseygor-secretario-general-del-SATHA-300x181.jpg\" alt=\"Gustavo-Arreseygor,-secretario-general-del-SATHA\" width=\"300\" height=\"181\" srcset=\"https:\/\/www.elsindical.com.ar\/notas\/var\/www\/html\/notas\/wp-content\/uploads\/2015\/05\/Gustavo-Arreseygor-secretario-general-del-SATHA-300x181.jpg 300w, https:\/\/www.elsindical.com.ar\/notas\/var\/www\/html\/notas\/wp-content\/uploads\/2015\/05\/Gustavo-Arreseygor-secretario-general-del-SATHA-496x300.jpg 496w, https:\/\/www.elsindical.com.ar\/notas\/var\/www\/html\/notas\/wp-content\/uploads\/2015\/05\/Gustavo-Arreseygor-secretario-general-del-SATHA.jpg 620w\" sizes=\"auto, (max-width: 300px) 100vw, 300px\" \/><\/a> \u00abNo podemos permitir que este tipo de metodolog\u00eda que nada tiene que ver con la democracia\u00bb, asegur\u00f3 Gustavo Arreseygor, titular del gremio.<\/em><\/p>\n<p>El <strong>Sindicato Argentino de Trabajadores Horticultores y Agrarios (SATHA) <\/strong>le brind\u00f3 su apoyo al titular del SUTEBA,<strong> Roberto Baradel<\/strong>, quien denunci\u00f3 amenazas contra su familia en el marco de la negocaci\u00f3n salarial.<\/p>\n<p>\u201cLa amenaza que recibi\u00f3 la familia de Baradel <strong>es una canallada<\/strong>\u201d, expres\u00f3 <strong>Gustavo Arreseygor<\/strong>, secretario general de SATHA, quien destac\u00f3 su apoyo \u201cde manera incondicional\u201d al l\u00edder docente de la CTERA.<\/p>\n<p>El testimonio de Arreseygor surge luego de la conferencia de prensa donde el dirigente del SUTEBA denunci\u00f3 que su hija recibi\u00f3 una amenaza de muerte vinculada a la paritaria docente que se esta negociando en estos d\u00edas.<\/p>\n<p>\u201c<strong>No podemos permitir que este tipo de metodolog\u00eda <\/strong>que nada tiene que ver con la democracia forme parte de ninguna discusi\u00f3n, estamos en libertad y hay que defender las instituciones y a los trabajadores\u201d, declar\u00f3 Arreseygor.<\/p>\n<p>Finalmente, y con respecto a las paritarias, el l\u00edder de SATHA manifest\u00f3 su preocupaci\u00f3n por algunas declaraciones publicadas en los \u00faltimos d\u00edas. Sin embargo explic\u00f3 que \u201cesperamos que el gobierno entienda que <strong>el reclamo de los trabajadores es justo <\/strong>y que la inflaci\u00f3n golpea siempre a los trabajadores\u201d.<\/p>\n","protected":false},"excerpt":{"rendered":"<p>\u00a0 \u00abNo podemos permitir que este tipo de metodolog\u00eda que nada tiene que ver con la democracia\u00bb, asegur\u00f3 Gustavo Arreseygor, titular del gremio. El Sindicato Argentino de Trabajadores Horticultores y Agrarios (SATHA) le brind\u00f3 su apoyo al titular del SUTEBA, Roberto Baradel, quien denunci\u00f3 amenazas contra su familia en el marco de la negocaci\u00f3n salarial.&hellip;<\/p>\n","protected":false},"author":1,"featured_media":0,"comment_status":"open","ping_status":"open","sticky":false,"template":"","format":"standard","meta":{"footnotes":""},"categories":[16],"tags":[331,23022,2719,20988,20984,5204],"class_list":["post-57517","post","type-post","status-publish","format-standard","hentry","category-gremiales","tag-amenazas","tag-baradel","tag-ctera","tag-gustavo-arreseygor","tag-satha","tag-suteba"],"_links":{"self":[{"href":"https:\/\/www.elsindical.com.ar\/notas\/wp-json\/wp\/v2\/posts\/57517","targetHints":{"allow":["GET"]}}],"collection":[{"href":"https:\/\/www.elsindical.com.ar\/notas\/wp-json\/wp\/v2\/posts"}],"about":[{"href":"https:\/\/www.elsindical.com.ar\/notas\/wp-json\/wp\/v2\/types\/post"}],"author":[{"embeddable":true,"href":"https:\/\/www.elsindical.com.ar\/notas\/wp-json\/wp\/v2\/users\/1"}],"replies":[{"embeddable":true,"href":"https:\/\/www.elsindical.com.ar\/notas\/wp-json\/wp\/v2\/comments?post=57517"}],"version-history":[{"count":1,"href":"https:\/\/www.elsindical.com.ar\/notas\/wp-json\/wp\/v2\/posts\/57517\/revisions"}],"predecessor-version":[{"id":57518,"href":"https:\/\/www.elsindical.com.ar\/notas\/wp-json\/wp\/v2\/posts\/57517\/revisions\/57518"}],"wp:attachment":[{"href":"https:\/\/www.elsindical.com.ar\/notas\/wp-json\/wp\/v2\/media?parent=57517"}],"wp:term":[{"taxonomy":"category","embeddable":true,"href":"https:\/\/www.elsindical.com.ar\/notas\/wp-json\/wp\/v2\/categories?post=57517"},{"taxonomy":"post_tag","embeddable":true,"href":"https:\/\/www.elsindical.com.ar\/notas\/wp-json\/wp\/v2\/tags?post=57517"}],"curies":[{"name":"wp","href":"https:\/\/api.w.org\/{rel}","templated":true}]}}