{"id":57486,"date":"2016-02-23T00:09:33","date_gmt":"2016-02-23T03:09:33","guid":{"rendered":"http:\/\/www.elsindical.com.ar\/notas\/?p=57486"},"modified":"2016-02-23T00:09:33","modified_gmt":"2016-02-23T03:09:33","slug":"estamos-buscando-a-aldana-fiorella-sedliak","status":"publish","type":"post","link":"https:\/\/www.elsindical.com.ar\/notas\/estamos-buscando-a-aldana-fiorella-sedliak\/","title":{"rendered":"Estamos buscando a Aldana Fiorella Sedliak"},"content":{"rendered":"<p><a href=\"http:\/\/www.elsindical.com.ar\/notas\/var\/www\/html\/notas\/wp-content\/uploads\/2016\/02\/Aldana-Fiorella-Sedliak.jpg\" rel=\"attachment wp-att-57487\"><img loading=\"lazy\" decoding=\"async\" class=\"alignnone size-medium wp-image-57487\" src=\"http:\/\/www.elsindical.com.ar\/notas\/var\/www\/html\/notas\/wp-content\/uploads\/2016\/02\/Aldana-Fiorella-Sedliak-300x291.jpg\" alt=\"Aldana-Fiorella-Sedliak\" width=\"300\" height=\"291\" srcset=\"https:\/\/www.elsindical.com.ar\/notas\/var\/www\/html\/notas\/wp-content\/uploads\/2016\/02\/Aldana-Fiorella-Sedliak-300x291.jpg 300w, https:\/\/www.elsindical.com.ar\/notas\/var\/www\/html\/notas\/wp-content\/uploads\/2016\/02\/Aldana-Fiorella-Sedliak-309x300.jpg 309w, https:\/\/www.elsindical.com.ar\/notas\/var\/www\/html\/notas\/wp-content\/uploads\/2016\/02\/Aldana-Fiorella-Sedliak.jpg 443w\" sizes=\"auto, (max-width: 300px) 100vw, 300px\" \/><\/a>La joven de 19 a\u00f1os,\u00a0<strong>Aldana Fiorella Sedliak<\/strong>, fue vista por \u00faltima vez el 14 de febrero, en su casa ubicada en Jos\u00e9 Le\u00f3n Su\u00e1rez,\u00a0partido de General San Mart\u00edn.<\/p>\n<p><strong>Mirtha Romero<\/strong>, la mam\u00e1 de <strong>Aldana<\/strong>,\u00a0cont\u00f3 que:<em> \u00abSe fue de mi casa el 14 de febrero, seg\u00fan ella iba a encontrarse con una amiga que tiene ac\u00e1 cerca para ir a la plaza un rato y termin\u00f3 no siendo as\u00ed\u00bb<\/em> y agreg\u00f3: <em>\u00abElla no se llev\u00f3 ropas ni calzados se fue en Sport, remera\u00a0y ojotas. Creo que si pensaba irse ten\u00eda que llevar lo necesario por lo menos. S\u00f3lo su cartera se llev\u00f3\u00bb.<\/em><\/p>\n<p>Adem\u00e1s, detall\u00f3 que <em>\u00ablos vecinos me dijeron que la vieron con un chico que se llama Cristhofer, al cual hab\u00eda visto una sola vez y hace un tiempo. Ahora nadie sabe nada de \u00e9l\u00bb.<\/em><\/p>\n<p>Para finalizar aclar\u00f3: <em>\u00abhice la denuncia el mismo d\u00eda que desapareci\u00f3, en la fiscal\u00eda de San Mart\u00edn UFI n\u00famero 3 a cargo del Fiscal Insaurralde. Por el momento no tienen novedades, estoy desesperada, ya no s\u00e9\u00a0qu\u00e9\u00a0hacer para encontrarla\u00bb.\u00a0<\/em><\/p>\n","protected":false},"excerpt":{"rendered":"<p>La joven de 19 a\u00f1os,\u00a0Aldana Fiorella Sedliak, fue vista por \u00faltima vez el 14 de febrero, en su casa ubicada en Jos\u00e9 Le\u00f3n Su\u00e1rez,\u00a0partido de General San Mart\u00edn. Mirtha Romero, la mam\u00e1 de Aldana,\u00a0cont\u00f3 que: \u00abSe fue de mi casa el 14 de febrero, seg\u00fan ella iba a encontrarse con una amiga que tiene ac\u00e1&hellip;<\/p>\n","protected":false},"author":1,"featured_media":0,"comment_status":"open","ping_status":"open","sticky":false,"template":"","format":"standard","meta":{"footnotes":""},"categories":[26],"tags":[23016,4398,23017,820],"class_list":["post-57486","post","type-post","status-publish","format-standard","hentry","category-solidaridad","tag-aldana-fiorella-sedliak","tag-jose-leon-suarez","tag-mirtha-romero","tag-san-martin"],"_links":{"self":[{"href":"https:\/\/www.elsindical.com.ar\/notas\/wp-json\/wp\/v2\/posts\/57486","targetHints":{"allow":["GET"]}}],"collection":[{"href":"https:\/\/www.elsindical.com.ar\/notas\/wp-json\/wp\/v2\/posts"}],"about":[{"href":"https:\/\/www.elsindical.com.ar\/notas\/wp-json\/wp\/v2\/types\/post"}],"author":[{"embeddable":true,"href":"https:\/\/www.elsindical.com.ar\/notas\/wp-json\/wp\/v2\/users\/1"}],"replies":[{"embeddable":true,"href":"https:\/\/www.elsindical.com.ar\/notas\/wp-json\/wp\/v2\/comments?post=57486"}],"version-history":[{"count":1,"href":"https:\/\/www.elsindical.com.ar\/notas\/wp-json\/wp\/v2\/posts\/57486\/revisions"}],"predecessor-version":[{"id":57488,"href":"https:\/\/www.elsindical.com.ar\/notas\/wp-json\/wp\/v2\/posts\/57486\/revisions\/57488"}],"wp:attachment":[{"href":"https:\/\/www.elsindical.com.ar\/notas\/wp-json\/wp\/v2\/media?parent=57486"}],"wp:term":[{"taxonomy":"category","embeddable":true,"href":"https:\/\/www.elsindical.com.ar\/notas\/wp-json\/wp\/v2\/categories?post=57486"},{"taxonomy":"post_tag","embeddable":true,"href":"https:\/\/www.elsindical.com.ar\/notas\/wp-json\/wp\/v2\/tags?post=57486"}],"curies":[{"name":"wp","href":"https:\/\/api.w.org\/{rel}","templated":true}]}}