{"id":57474,"date":"2016-02-22T17:30:25","date_gmt":"2016-02-22T20:30:25","guid":{"rendered":"http:\/\/www.elsindical.com.ar\/notas\/?p=57474"},"modified":"2016-02-22T17:30:25","modified_gmt":"2016-02-22T20:30:25","slug":"cordobesa-es-la-cola-reef-2016","status":"publish","type":"post","link":"https:\/\/www.elsindical.com.ar\/notas\/cordobesa-es-la-cola-reef-2016\/","title":{"rendered":"Cordobesa es la \u00abCola Reef 2016\u00bb"},"content":{"rendered":"<p><em><strong><a href=\"http:\/\/www.elsindical.com.ar\/notas\/var\/www\/html\/notas\/wp-content\/uploads\/2016\/02\/Vero-Vieyra.jpg\" rel=\"attachment wp-att-57478\"><img loading=\"lazy\" decoding=\"async\" class=\"alignnone size-medium wp-image-57478\" src=\"http:\/\/www.elsindical.com.ar\/notas\/var\/www\/html\/notas\/wp-content\/uploads\/2016\/02\/Vero-Vieyra-300x300.jpg\" alt=\"Vero-Vieyra\" width=\"300\" height=\"300\" srcset=\"https:\/\/www.elsindical.com.ar\/notas\/var\/www\/html\/notas\/wp-content\/uploads\/2016\/02\/Vero-Vieyra-300x300.jpg 300w, https:\/\/www.elsindical.com.ar\/notas\/var\/www\/html\/notas\/wp-content\/uploads\/2016\/02\/Vero-Vieyra-150x150.jpg 150w, https:\/\/www.elsindical.com.ar\/notas\/var\/www\/html\/notas\/wp-content\/uploads\/2016\/02\/Vero-Vieyra.jpg 738w\" sizes=\"auto, (max-width: 300px) 100vw, 300px\" \/><\/a>\u00a0Vero Vieyra<\/strong>\u00a0gan\u00f3 el concurso que premia al mejor trasero. Su impactante figura resalt\u00f3 por encima de otras diosas que participaron de este popular certamen.\u00a0<\/em><\/p>\n<p>La joven de curvas endiabladas viene de la provincia de C\u00f3rdoba y se qued\u00f3 con el premio de \u00abMiss Reef 2016\u00bb, que elige a la mejor cola del verano, y que en esta oportunidad se realiz\u00f3 en\u00a0el Casino Enjoy de Vi\u00f1a del Mar.<\/p>\n<p>Vero ya hab\u00eda participado el a\u00f1o pasado y hab\u00eda quedado en la tercera posici\u00f3n, pero en esta oportunidad pudo conseguir el primer premio gracias a \u00abla actitud y la onda\u00bb seg\u00fan ella misma reconoci\u00f3.<\/p>\n<p><em>\u201cLlevo viviendo en Chile 9 a\u00f1os, el a\u00f1o pasado me ofreci\u00f3 una amiga presentarme y sal\u00ed tercera. La experiencia me gust\u00f3 mucho, este a\u00f1o me prepar\u00e9 mucho, quer\u00eda sacar el primer lugar, y llevarme la corona fue lo m\u00e1ximo, fue un d\u00eda muy lindo para m\u00ed\u201d<\/em>, dijo la ganadora.<\/p>\n<p><em>\u201cLas finalistas fuimos 12, se presentaron m\u00e1s de mil chicas. Se hacen varios castings en enero y se va descartando hasta que quedan las finalistas. Ya llegar a la final era muy bueno\u201d<\/em>, resalt\u00f3.<\/p>\n<p>Adem\u00e1s detall\u00f3 c\u00f3mo se prepar\u00f3 para la competencia:\u00a0<em>\u201cMe prepar\u00e9 con mucho gimnasio, constancia y motivaci\u00f3n a full. Ten\u00eda una meta presente y la busqu\u00e9 mucho, me hab\u00eda propuesto ganar. El premio son 1400 d\u00f3lares, que son como 1 mill\u00f3n de pesos chilenos, canjes de Reef, que te regalan ropa, y uno de los auspiciantes es de celulares, que me hicieron un regalo lindo\u201d.<\/em><\/p>\n<p>La cordobesa, de 28 a\u00f1os que se qued\u00f3 con la d\u00e9cima versi\u00f3n de este\u00a0certamen, cont\u00f3 que\u00a0est\u00e1 soltera y\u00a0que trabaja en medios de comunicaci\u00f3n del pa\u00eds trasandino,<\/p>\n<p><em>\u201cTrabajo en un programa que se llama Toc Show, que sale despu\u00e9s de las 12 de la noche todos los d\u00edas, y m\u00e1s que nada la idea es animar a la gente en el momento en que se acuesta. Hablamos de temas de actualidad, hacemos un poco de humor y hablamos de lo que se viraliza en las redes\u201d<\/em>, explic\u00f3 la ganadora.<\/p>\n<p><a href=\"http:\/\/www.elsindical.com.ar\/notas\/var\/www\/html\/notas\/wp-content\/uploads\/2016\/02\/Vero-Vieyra-2.jpg\" rel=\"attachment wp-att-57477\"><img loading=\"lazy\" decoding=\"async\" class=\"alignnone size-medium wp-image-57477\" src=\"http:\/\/www.elsindical.com.ar\/notas\/var\/www\/html\/notas\/wp-content\/uploads\/2016\/02\/Vero-Vieyra-2-209x300.jpg\" alt=\"Vero-Vieyra-2\" width=\"209\" height=\"300\" srcset=\"https:\/\/www.elsindical.com.ar\/notas\/var\/www\/html\/notas\/wp-content\/uploads\/2016\/02\/Vero-Vieyra-2-209x300.jpg 209w, https:\/\/www.elsindical.com.ar\/notas\/var\/www\/html\/notas\/wp-content\/uploads\/2016\/02\/Vero-Vieyra-2-713x1024.jpg 713w, https:\/\/www.elsindical.com.ar\/notas\/var\/www\/html\/notas\/wp-content\/uploads\/2016\/02\/Vero-Vieyra-2.jpg 738w\" sizes=\"auto, (max-width: 209px) 100vw, 209px\" \/><\/a> <a href=\"http:\/\/www.elsindical.com.ar\/notas\/var\/www\/html\/notas\/wp-content\/uploads\/2016\/02\/Vero-Vieyra-3.jpg\" rel=\"attachment wp-att-57476\"><img loading=\"lazy\" decoding=\"async\" class=\"alignnone size-medium wp-image-57476\" src=\"http:\/\/www.elsindical.com.ar\/notas\/var\/www\/html\/notas\/wp-content\/uploads\/2016\/02\/Vero-Vieyra-3-300x200.jpg\" alt=\"Vero-Vieyra-3\" width=\"300\" height=\"200\" srcset=\"https:\/\/www.elsindical.com.ar\/notas\/var\/www\/html\/notas\/wp-content\/uploads\/2016\/02\/Vero-Vieyra-3-300x200.jpg 300w, https:\/\/www.elsindical.com.ar\/notas\/var\/www\/html\/notas\/wp-content\/uploads\/2016\/02\/Vero-Vieyra-3-449x300.jpg 449w, https:\/\/www.elsindical.com.ar\/notas\/var\/www\/html\/notas\/wp-content\/uploads\/2016\/02\/Vero-Vieyra-3.jpg 738w\" sizes=\"auto, (max-width: 300px) 100vw, 300px\" \/><\/a> <a href=\"http:\/\/www.elsindical.com.ar\/notas\/var\/www\/html\/notas\/wp-content\/uploads\/2016\/02\/Vero-Vieyra-4.jpg\" rel=\"attachment wp-att-57475\"><img loading=\"lazy\" decoding=\"async\" class=\"alignnone size-medium wp-image-57475\" src=\"http:\/\/www.elsindical.com.ar\/notas\/var\/www\/html\/notas\/wp-content\/uploads\/2016\/02\/Vero-Vieyra-4-300x172.jpg\" alt=\"Vero-Vieyra-4\" width=\"300\" height=\"172\" srcset=\"https:\/\/www.elsindical.com.ar\/notas\/var\/www\/html\/notas\/wp-content\/uploads\/2016\/02\/Vero-Vieyra-4-300x172.jpg 300w, https:\/\/www.elsindical.com.ar\/notas\/var\/www\/html\/notas\/wp-content\/uploads\/2016\/02\/Vero-Vieyra-4-500x287.jpg 500w, https:\/\/www.elsindical.com.ar\/notas\/var\/www\/html\/notas\/wp-content\/uploads\/2016\/02\/Vero-Vieyra-4.jpg 738w\" sizes=\"auto, (max-width: 300px) 100vw, 300px\" \/><\/a><\/p>\n","protected":false},"excerpt":{"rendered":"<p>\u00a0Vero Vieyra\u00a0gan\u00f3 el concurso que premia al mejor trasero. Su impactante figura resalt\u00f3 por encima de otras diosas que participaron de este popular certamen.\u00a0 La joven de curvas endiabladas viene de la provincia de C\u00f3rdoba y se qued\u00f3 con el premio de \u00abMiss Reef 2016\u00bb, que elige a la mejor cola del verano, y que&hellip;<\/p>\n","protected":false},"author":1,"featured_media":0,"comment_status":"open","ping_status":"open","sticky":false,"template":"","format":"standard","meta":{"footnotes":""},"categories":[15],"tags":[23012,1200,23011,23014,23010,23013],"class_list":["post-57474","post","type-post","status-publish","format-standard","hentry","category-espectaculos","tag-casino-enjoy","tag-chile","tag-cola-reef","tag-miss-reef-2016","tag-veronica-vieyra","tag-vina-del-mar"],"_links":{"self":[{"href":"https:\/\/www.elsindical.com.ar\/notas\/wp-json\/wp\/v2\/posts\/57474","targetHints":{"allow":["GET"]}}],"collection":[{"href":"https:\/\/www.elsindical.com.ar\/notas\/wp-json\/wp\/v2\/posts"}],"about":[{"href":"https:\/\/www.elsindical.com.ar\/notas\/wp-json\/wp\/v2\/types\/post"}],"author":[{"embeddable":true,"href":"https:\/\/www.elsindical.com.ar\/notas\/wp-json\/wp\/v2\/users\/1"}],"replies":[{"embeddable":true,"href":"https:\/\/www.elsindical.com.ar\/notas\/wp-json\/wp\/v2\/comments?post=57474"}],"version-history":[{"count":1,"href":"https:\/\/www.elsindical.com.ar\/notas\/wp-json\/wp\/v2\/posts\/57474\/revisions"}],"predecessor-version":[{"id":57479,"href":"https:\/\/www.elsindical.com.ar\/notas\/wp-json\/wp\/v2\/posts\/57474\/revisions\/57479"}],"wp:attachment":[{"href":"https:\/\/www.elsindical.com.ar\/notas\/wp-json\/wp\/v2\/media?parent=57474"}],"wp:term":[{"taxonomy":"category","embeddable":true,"href":"https:\/\/www.elsindical.com.ar\/notas\/wp-json\/wp\/v2\/categories?post=57474"},{"taxonomy":"post_tag","embeddable":true,"href":"https:\/\/www.elsindical.com.ar\/notas\/wp-json\/wp\/v2\/tags?post=57474"}],"curies":[{"name":"wp","href":"https:\/\/api.w.org\/{rel}","templated":true}]}}