{"id":57469,"date":"2016-02-22T17:09:13","date_gmt":"2016-02-22T20:09:13","guid":{"rendered":"http:\/\/www.elsindical.com.ar\/notas\/?p=57469"},"modified":"2017-10-11T16:31:39","modified_gmt":"2017-10-11T19:31:39","slug":"la-suba-en-las-tarifas-del-gas-entre-40-y-300","status":"publish","type":"post","link":"https:\/\/www.elsindical.com.ar\/notas\/la-suba-en-las-tarifas-del-gas-entre-40-y-300\/","title":{"rendered":"La suba en las tarifas del gas: entre 40% y 300%"},"content":{"rendered":"<p><em><a href=\"http:\/\/www.elsindical.com.ar\/notas\/var\/www\/html\/notas\/wp-content\/uploads\/2016\/02\/gas-natural.jpg\" rel=\"attachment wp-att-56926\"><img loading=\"lazy\" decoding=\"async\" class=\"alignnone size-medium wp-image-56926\" src=\"http:\/\/www.elsindical.com.ar\/notas\/var\/www\/html\/notas\/wp-content\/uploads\/2016\/02\/gas-natural-300x188.jpg\" alt=\"gas-natural\" width=\"300\" height=\"188\" srcset=\"https:\/\/www.elsindical.com.ar\/notas\/var\/www\/html\/notas\/wp-content\/uploads\/2016\/02\/gas-natural-300x188.jpg 300w, https:\/\/www.elsindical.com.ar\/notas\/var\/www\/html\/notas\/wp-content\/uploads\/2016\/02\/gas-natural-479x300.jpg 479w, https:\/\/www.elsindical.com.ar\/notas\/var\/www\/html\/notas\/wp-content\/uploads\/2016\/02\/gas-natural.jpg 620w\" sizes=\"auto, (max-width: 300px) 100vw, 300px\" \/><\/a>\u00a0 El Gobierno busca que entren en vigor el 1\u00b0 de marzo, pero podr\u00edan postergarse hasta abril. Las alzas ser\u00e1n variadas debido a los distintos esquemas de facturaci\u00f3n.\u00a0\u00a0<\/em><\/p>\n<p>El Gobierno empez\u00f3 a acelerar los pasos que llevar\u00e1n a un aumento en las tarifas de gas. Si se cumplen los requisitos tecnol\u00f3gicos y burocr\u00e1ticos asociados al cambio en la modalidad de las boletas, las subas regir\u00e1n desde el 1\u00b0 de marzo. De lo contrario, la llegada de los aumentos se demorar\u00e1 hasta el primer d\u00eda de abril.<\/p>\n<p>El actual esquema tarifario incluye muchos modos de calcular el precio del gas para el usuario, lo que determinar\u00eda que las alzas tuvieran muy diferente impacto. La gama de aumentos empezar\u00eda en 40% y podr\u00eda alcanzar el 300%, siempre seg\u00fan el tipo de tarifa, la carga actual de subsidios que ser\u00e1n eventualmente quitados y los beneficios sociales que decidan mantener para sectores m\u00e1s desfavorecidos.<\/p>\n<p>La semana pasada, funcionarios del Enargas, el ente que regula el sector, se comunicaron con las principales distribuidoras del pa\u00eds, entre ellas, Metrogas, Gas Natural Fenosa y Camuzzi, para ordenarles que les imprimieran mayor velocidad a los procedimientos t\u00e9cnicos e inform\u00e1ticos necesarios para aplicar el nuevo mecanismo de facturaci\u00f3n.<\/p>\n<p>Las nuevas facturas ser\u00e1n bimensuales, con un tal\u00f3n de pago mensual. Para las empresas, implica un cambio importante en las liquidaciones.<\/p>\n","protected":false},"excerpt":{"rendered":"<p>\u00a0 El Gobierno busca que entren en vigor el 1\u00b0 de marzo, pero podr\u00edan postergarse hasta abril. Las alzas ser\u00e1n variadas debido a los distintos esquemas de facturaci\u00f3n.\u00a0\u00a0 El Gobierno empez\u00f3 a acelerar los pasos que llevar\u00e1n a un aumento en las tarifas de gas. Si se cumplen los requisitos tecnol\u00f3gicos y burocr\u00e1ticos asociados al&hellip;<\/p>\n","protected":false},"author":1,"featured_media":56926,"comment_status":"open","ping_status":"open","sticky":false,"template":"","format":"standard","meta":{"footnotes":""},"categories":[9],"tags":[10137,17980,3551,23009,375,3704,7791,373],"class_list":["post-57469","post","type-post","status-publish","format-standard","has-post-thumbnail","hentry","category-economia","tag-camuzzi","tag-enargas","tag-gas","tag-gas-natural-fenosa","tag-gobierno","tag-metrogas","tag-subas","tag-tarifas"],"_links":{"self":[{"href":"https:\/\/www.elsindical.com.ar\/notas\/wp-json\/wp\/v2\/posts\/57469","targetHints":{"allow":["GET"]}}],"collection":[{"href":"https:\/\/www.elsindical.com.ar\/notas\/wp-json\/wp\/v2\/posts"}],"about":[{"href":"https:\/\/www.elsindical.com.ar\/notas\/wp-json\/wp\/v2\/types\/post"}],"author":[{"embeddable":true,"href":"https:\/\/www.elsindical.com.ar\/notas\/wp-json\/wp\/v2\/users\/1"}],"replies":[{"embeddable":true,"href":"https:\/\/www.elsindical.com.ar\/notas\/wp-json\/wp\/v2\/comments?post=57469"}],"version-history":[{"count":1,"href":"https:\/\/www.elsindical.com.ar\/notas\/wp-json\/wp\/v2\/posts\/57469\/revisions"}],"predecessor-version":[{"id":57470,"href":"https:\/\/www.elsindical.com.ar\/notas\/wp-json\/wp\/v2\/posts\/57469\/revisions\/57470"}],"wp:featuredmedia":[{"embeddable":true,"href":"https:\/\/www.elsindical.com.ar\/notas\/wp-json\/wp\/v2\/media\/56926"}],"wp:attachment":[{"href":"https:\/\/www.elsindical.com.ar\/notas\/wp-json\/wp\/v2\/media?parent=57469"}],"wp:term":[{"taxonomy":"category","embeddable":true,"href":"https:\/\/www.elsindical.com.ar\/notas\/wp-json\/wp\/v2\/categories?post=57469"},{"taxonomy":"post_tag","embeddable":true,"href":"https:\/\/www.elsindical.com.ar\/notas\/wp-json\/wp\/v2\/tags?post=57469"}],"curies":[{"name":"wp","href":"https:\/\/api.w.org\/{rel}","templated":true}]}}