{"id":57399,"date":"2016-02-20T17:59:36","date_gmt":"2016-02-20T20:59:36","guid":{"rendered":"http:\/\/www.elsindical.com.ar\/notas\/?p=57399"},"modified":"2016-02-20T17:59:36","modified_gmt":"2016-02-20T20:59:36","slug":"misiones-hay-250-pacientes-con-dengue-por-dia","status":"publish","type":"post","link":"https:\/\/www.elsindical.com.ar\/notas\/misiones-hay-250-pacientes-con-dengue-por-dia\/","title":{"rendered":"Misiones: Hay 250 pacientes con dengue por d\u00eda"},"content":{"rendered":"<p><em><a href=\"http:\/\/www.elsindical.com.ar\/notas\/var\/www\/html\/notas\/wp-content\/uploads\/2016\/01\/mosquitos-del-Dengue.jpg\" rel=\"attachment wp-att-56488\"><img loading=\"lazy\" decoding=\"async\" class=\"alignnone size-medium wp-image-56488\" src=\"http:\/\/www.elsindical.com.ar\/notas\/var\/www\/html\/notas\/wp-content\/uploads\/2016\/01\/mosquitos-del-Dengue-300x258.jpg\" alt=\"mosquitos-del-Dengue\" width=\"300\" height=\"258\" srcset=\"https:\/\/www.elsindical.com.ar\/notas\/var\/www\/html\/notas\/wp-content\/uploads\/2016\/01\/mosquitos-del-Dengue-300x258.jpg 300w, https:\/\/www.elsindical.com.ar\/notas\/var\/www\/html\/notas\/wp-content\/uploads\/2016\/01\/mosquitos-del-Dengue-349x300.jpg 349w, https:\/\/www.elsindical.com.ar\/notas\/var\/www\/html\/notas\/wp-content\/uploads\/2016\/01\/mosquitos-del-Dengue.jpg 510w\" sizes=\"auto, (max-width: 300px) 100vw, 300px\" \/><\/a>\u00a0 Se confirmaron 4475 casos en la provincia en lo que va del a\u00f1o. Salud P\u00fablica recomend\u00f3\u00a0\u201ccontinuar con las acciones de prevenci\u00f3n domiciliaria, con el fin de eliminar posibles criaderos.<\/em><\/p>\n<p>El ministerio de Salud P\u00fablica de Misiones confirm\u00f3 4.475 casos de dengue en la provincia en lo que va del a\u00f1o, con una tendencia promedio de 250 pacientes cada 24 horas en los \u00faltimos cuatro d\u00edas.<\/p>\n<p>El n\u00famero de personas afectadas por la patolog\u00eda registr\u00f3 un incremento en cada reporte del ministerio: el 2 de febrero se inform\u00f3 2.450 casos; el 10, 2.916; el 15, 3.562; el 17, 3.987; y hoy un total de 4.475.<\/p>\n<p>El parte epidemiol\u00f3gico de Salud P\u00fablica provincial recomend\u00f3 a la poblaci\u00f3n que <em>\u201cse debe continuar con las acciones de prevenci\u00f3n domiciliaria, con el fin de eliminar posibles criaderos\u201d<\/em> del vector, el mosquito Aedes aegypti, mientras contin\u00faan las tareas preventivas.<\/p>\n<p>A ra\u00edz del avance de la enfermedad, el lunes visitar\u00e1 esta provincia y Corrientes, el ministro de Salud de la Naci\u00f3n, <strong>Jorge Lemus<\/strong>, acompa\u00f1ado por integrantes del Comit\u00e9 Nacional de Expertos en dengue, chikungunya y zika.<\/p>\n<p>El Ministerio de Salud porte\u00f1o, en tanto, report\u00f3 en un comunicado 149 casos de dengue confirmados, 29 de ellos de contagio local, 1 de zika y 4 de chikungunya en lo que va del a\u00f1o.<\/p>\n","protected":false},"excerpt":{"rendered":"<p>\u00a0 Se confirmaron 4475 casos en la provincia en lo que va del a\u00f1o. Salud P\u00fablica recomend\u00f3\u00a0\u201ccontinuar con las acciones de prevenci\u00f3n domiciliaria, con el fin de eliminar posibles criaderos. El ministerio de Salud P\u00fablica de Misiones confirm\u00f3 4.475 casos de dengue en la provincia en lo que va del a\u00f1o, con una tendencia promedio&hellip;<\/p>\n","protected":false},"author":1,"featured_media":0,"comment_status":"open","ping_status":"open","sticky":false,"template":"","format":"standard","meta":{"footnotes":""},"categories":[23],"tags":[14131,22996,8683,13031,2243],"class_list":["post-57399","post","type-post","status-publish","format-standard","hentry","category-salud","tag-afectados","tag-criaderos","tag-dengue","tag-jorge-lemus","tag-misiones"],"_links":{"self":[{"href":"https:\/\/www.elsindical.com.ar\/notas\/wp-json\/wp\/v2\/posts\/57399","targetHints":{"allow":["GET"]}}],"collection":[{"href":"https:\/\/www.elsindical.com.ar\/notas\/wp-json\/wp\/v2\/posts"}],"about":[{"href":"https:\/\/www.elsindical.com.ar\/notas\/wp-json\/wp\/v2\/types\/post"}],"author":[{"embeddable":true,"href":"https:\/\/www.elsindical.com.ar\/notas\/wp-json\/wp\/v2\/users\/1"}],"replies":[{"embeddable":true,"href":"https:\/\/www.elsindical.com.ar\/notas\/wp-json\/wp\/v2\/comments?post=57399"}],"version-history":[{"count":1,"href":"https:\/\/www.elsindical.com.ar\/notas\/wp-json\/wp\/v2\/posts\/57399\/revisions"}],"predecessor-version":[{"id":57400,"href":"https:\/\/www.elsindical.com.ar\/notas\/wp-json\/wp\/v2\/posts\/57399\/revisions\/57400"}],"wp:attachment":[{"href":"https:\/\/www.elsindical.com.ar\/notas\/wp-json\/wp\/v2\/media?parent=57399"}],"wp:term":[{"taxonomy":"category","embeddable":true,"href":"https:\/\/www.elsindical.com.ar\/notas\/wp-json\/wp\/v2\/categories?post=57399"},{"taxonomy":"post_tag","embeddable":true,"href":"https:\/\/www.elsindical.com.ar\/notas\/wp-json\/wp\/v2\/tags?post=57399"}],"curies":[{"name":"wp","href":"https:\/\/api.w.org\/{rel}","templated":true}]}}