{"id":57370,"date":"2016-02-19T17:30:27","date_gmt":"2016-02-19T20:30:27","guid":{"rendered":"http:\/\/www.elsindical.com.ar\/notas\/?p=57370"},"modified":"2016-02-19T17:30:27","modified_gmt":"2016-02-19T20:30:27","slug":"aranguren-y-las-falsas-promesas-clientes-indignados","status":"publish","type":"post","link":"https:\/\/www.elsindical.com.ar\/notas\/aranguren-y-las-falsas-promesas-clientes-indignados\/","title":{"rendered":"Aranguren y las falsas promesas, clientes indignados"},"content":{"rendered":"<p><a href=\"http:\/\/www.elsindical.com.ar\/notas\/var\/www\/html\/notas\/wp-content\/uploads\/2013\/12\/cortes-de-luz-protestas2.jpg\" rel=\"attachment wp-att-39882\"><img loading=\"lazy\" decoding=\"async\" class=\"alignnone size-medium wp-image-39882\" src=\"http:\/\/www.elsindical.com.ar\/notas\/var\/www\/html\/notas\/wp-content\/uploads\/2013\/12\/cortes-de-luz-protestas2-300x168.jpg\" alt=\"cortes-de-luz-protestas2\" width=\"300\" height=\"168\" srcset=\"https:\/\/www.elsindical.com.ar\/notas\/var\/www\/html\/notas\/wp-content\/uploads\/2013\/12\/cortes-de-luz-protestas2-300x168.jpg 300w, https:\/\/www.elsindical.com.ar\/notas\/var\/www\/html\/notas\/wp-content\/uploads\/2013\/12\/cortes-de-luz-protestas2-500x280.jpg 500w, https:\/\/www.elsindical.com.ar\/notas\/var\/www\/html\/notas\/wp-content\/uploads\/2013\/12\/cortes-de-luz-protestas2.jpg 502w\" sizes=\"auto, (max-width: 300px) 100vw, 300px\" \/><\/a>\u00a0 <em>El ministro Aranguren asegur\u00f3:<\/em> \u00abEn funci\u00f3n del cambio de las condiciones clim\u00e1ticas, lo que ten\u00edamos previsto ayer de hacer cortes programados, quedan suspendidos\u00bb, explic\u00f3.<\/p>\n<p>El ministro de Energ\u00eda y Miner\u00eda, Juan Jos\u00e9 Aranguren, asegur\u00f3 que hoy no se realizar\u00e1n los cortes programados de energ\u00eda el\u00e9ctrica en el \u00e1rea metropolitana anunciados el mi\u00e9rcoles, debido al fuerte descenso de la temperatura que gener\u00f3 la lluvia que se inici\u00f3 durante la madrugada.<\/p>\n<p>En declaraciones, el funcionario adelant\u00f3 que, de acuerdo con lo que indica el pron\u00f3stico del clima, la semana que viene retomar\u00edan el esquema de interrupciones programadas del servicio, y estim\u00f3 que \u00abel pr\u00f3ximo martes podr\u00eda ser un d\u00eda cr\u00edtico\u00bb.<\/p>\n<p>A pesar del comunicado, miles de usuarios se han visto afectados por los cortes de energ\u00eda el\u00e9ctrica y comerciantes ven perjudicado su trabajo y mercader\u00eda, la que en algunos casos se ha perdido completamente.<\/p>\n","protected":false},"excerpt":{"rendered":"<p>\u00a0 El ministro Aranguren asegur\u00f3: \u00abEn funci\u00f3n del cambio de las condiciones clim\u00e1ticas, lo que ten\u00edamos previsto ayer de hacer cortes programados, quedan suspendidos\u00bb, explic\u00f3. El ministro de Energ\u00eda y Miner\u00eda, Juan Jos\u00e9 Aranguren, asegur\u00f3 que hoy no se realizar\u00e1n los cortes programados de energ\u00eda el\u00e9ctrica en el \u00e1rea metropolitana anunciados el mi\u00e9rcoles, debido al&hellip;<\/p>\n","protected":false},"author":1,"featured_media":0,"comment_status":"open","ping_status":"open","sticky":false,"template":"","format":"standard","meta":{"footnotes":""},"categories":[25],"tags":[5474,294,9164,18029,376],"class_list":["post-57370","post","type-post","status-publish","format-standard","hentry","category-sociedad","tag-comerciantes","tag-cortes","tag-energia-electrica","tag-juan-jose-aranguren","tag-usuarios"],"_links":{"self":[{"href":"https:\/\/www.elsindical.com.ar\/notas\/wp-json\/wp\/v2\/posts\/57370","targetHints":{"allow":["GET"]}}],"collection":[{"href":"https:\/\/www.elsindical.com.ar\/notas\/wp-json\/wp\/v2\/posts"}],"about":[{"href":"https:\/\/www.elsindical.com.ar\/notas\/wp-json\/wp\/v2\/types\/post"}],"author":[{"embeddable":true,"href":"https:\/\/www.elsindical.com.ar\/notas\/wp-json\/wp\/v2\/users\/1"}],"replies":[{"embeddable":true,"href":"https:\/\/www.elsindical.com.ar\/notas\/wp-json\/wp\/v2\/comments?post=57370"}],"version-history":[{"count":1,"href":"https:\/\/www.elsindical.com.ar\/notas\/wp-json\/wp\/v2\/posts\/57370\/revisions"}],"predecessor-version":[{"id":57371,"href":"https:\/\/www.elsindical.com.ar\/notas\/wp-json\/wp\/v2\/posts\/57370\/revisions\/57371"}],"wp:attachment":[{"href":"https:\/\/www.elsindical.com.ar\/notas\/wp-json\/wp\/v2\/media?parent=57370"}],"wp:term":[{"taxonomy":"category","embeddable":true,"href":"https:\/\/www.elsindical.com.ar\/notas\/wp-json\/wp\/v2\/categories?post=57370"},{"taxonomy":"post_tag","embeddable":true,"href":"https:\/\/www.elsindical.com.ar\/notas\/wp-json\/wp\/v2\/tags?post=57370"}],"curies":[{"name":"wp","href":"https:\/\/api.w.org\/{rel}","templated":true}]}}