{"id":57343,"date":"2016-02-18T14:36:53","date_gmt":"2016-02-18T17:36:53","guid":{"rendered":"http:\/\/www.elsindical.com.ar\/notas\/?p=57343"},"modified":"2016-02-18T14:36:53","modified_gmt":"2016-02-18T17:36:53","slug":"profesionales-de-la-salud-se-suman-al-paro-nacional","status":"publish","type":"post","link":"https:\/\/www.elsindical.com.ar\/notas\/profesionales-de-la-salud-se-suman-al-paro-nacional\/","title":{"rendered":"Profesionales de la salud se suman al paro nacional"},"content":{"rendered":"<p><em><a href=\"http:\/\/www.elsindical.com.ar\/notas\/var\/www\/html\/notas\/wp-content\/uploads\/2010\/04\/FESPROSA-logo.jpg\" rel=\"attachment wp-att-5381\"><img loading=\"lazy\" decoding=\"async\" class=\"alignnone size-medium wp-image-5381\" src=\"http:\/\/www.elsindical.com.ar\/notas\/var\/www\/html\/notas\/wp-content\/uploads\/2010\/04\/FESPROSA-logo-300x134.jpg\" alt=\"FESPROSA-logo\" width=\"300\" height=\"134\" srcset=\"https:\/\/www.elsindical.com.ar\/notas\/var\/www\/html\/notas\/wp-content\/uploads\/2010\/04\/FESPROSA-logo-300x134.jpg 300w, https:\/\/www.elsindical.com.ar\/notas\/var\/www\/html\/notas\/wp-content\/uploads\/2010\/04\/FESPROSA-logo.jpg 325w\" sizes=\"auto, (max-width: 300px) 100vw, 300px\" \/><\/a>\u00a0 M\u00e9dicos, profesionales y trabajadores estatales de la salud de todo el pa\u00eds que integran la Federaci\u00f3n Sindical de Profesionales de la Salud de la Rep\u00fablica Argentina (FESPROSA) adherir\u00e1n a la medida que se llevar\u00e1 a cabo el pr\u00f3ximo mi\u00e9rcoles 24. \u00abEstamos compenetrados con los cinco puntos que levanta ATE para este paro\u00bb.<\/em><\/p>\n<p>El presidente de la Federaci\u00f3n Sindical de Profesionales de la Salud de la Rep\u00fablica Argentina (FESPROSA)y Secretario de Salud Laboral de CTA Aut\u00f3noma, Jorge Yabkowski, sostuvo en di\u00e1logo que desde el gremio est\u00e1n \u201ccompenetrados con los cinco puntos que levanta ATE para este paro, como el tema de los despidos, la reincorporaci\u00f3n de todos los compa\u00f1eros, una paritaria abierta y el fin de la precarizaci\u00f3n laboral\u201d.<\/p>\n<p>Precis\u00f3 que ma\u00f1ana habr\u00e1 un congreso de CICOP de la Provincia de Buenos Aires, donde \u201cseguramente se va a votar la adhesi\u00f3n al paro de 24 horas por parte de cada una de las provincias\u201d.<\/p>\n<p>\u201cEstamos frente a problemas muy serios, decisiones muy fuertes del Gobierno en cuanto al ajuste, y a su vez tambi\u00e9n una sensibilidad social grande, que se vio en la negociaci\u00f3n docente, la cual demostr\u00f3 que el Gobierno tambi\u00e9n es sensible a las presiones de los trabajadores\u201d, consider\u00f3 Yabkowski.<\/p>\n<p>Se\u00f1al\u00f3, adem\u00e1s, que llevar adelante la medida \u201cen el marco de temas que preocupan, da esperanza frente a una posible retracci\u00f3n en las medidas\u201d.<\/p>\n<p>Fesprosa present\u00f3 una nota al Ministerio de Trabajo de la Naci\u00f3n donde anticipa la medida y aclaran que \u00ablas modalidades de participaci\u00f3n ser\u00e1n decididas en cada uno de los gremios regionales que integran la Federaci\u00f3n\u00bb.<\/p>\n","protected":false},"excerpt":{"rendered":"<p>\u00a0 M\u00e9dicos, profesionales y trabajadores estatales de la salud de todo el pa\u00eds que integran la Federaci\u00f3n Sindical de Profesionales de la Salud de la Rep\u00fablica Argentina (FESPROSA) adherir\u00e1n a la medida que se llevar\u00e1 a cabo el pr\u00f3ximo mi\u00e9rcoles 24. \u00abEstamos compenetrados con los cinco puntos que levanta ATE para este paro\u00bb. El presidente&hellip;<\/p>\n","protected":false},"author":1,"featured_media":0,"comment_status":"open","ping_status":"open","sticky":false,"template":"","format":"standard","meta":{"footnotes":""},"categories":[16],"tags":[290,291,184,2172,16812],"class_list":["post-57343","post","type-post","status-publish","format-standard","hentry","category-gremiales","tag-ate","tag-cicop","tag-cta","tag-fesprosa","tag-jorge-yabkowski"],"_links":{"self":[{"href":"https:\/\/www.elsindical.com.ar\/notas\/wp-json\/wp\/v2\/posts\/57343","targetHints":{"allow":["GET"]}}],"collection":[{"href":"https:\/\/www.elsindical.com.ar\/notas\/wp-json\/wp\/v2\/posts"}],"about":[{"href":"https:\/\/www.elsindical.com.ar\/notas\/wp-json\/wp\/v2\/types\/post"}],"author":[{"embeddable":true,"href":"https:\/\/www.elsindical.com.ar\/notas\/wp-json\/wp\/v2\/users\/1"}],"replies":[{"embeddable":true,"href":"https:\/\/www.elsindical.com.ar\/notas\/wp-json\/wp\/v2\/comments?post=57343"}],"version-history":[{"count":1,"href":"https:\/\/www.elsindical.com.ar\/notas\/wp-json\/wp\/v2\/posts\/57343\/revisions"}],"predecessor-version":[{"id":57344,"href":"https:\/\/www.elsindical.com.ar\/notas\/wp-json\/wp\/v2\/posts\/57343\/revisions\/57344"}],"wp:attachment":[{"href":"https:\/\/www.elsindical.com.ar\/notas\/wp-json\/wp\/v2\/media?parent=57343"}],"wp:term":[{"taxonomy":"category","embeddable":true,"href":"https:\/\/www.elsindical.com.ar\/notas\/wp-json\/wp\/v2\/categories?post=57343"},{"taxonomy":"post_tag","embeddable":true,"href":"https:\/\/www.elsindical.com.ar\/notas\/wp-json\/wp\/v2\/tags?post=57343"}],"curies":[{"name":"wp","href":"https:\/\/api.w.org\/{rel}","templated":true}]}}