{"id":57340,"date":"2016-02-18T14:29:11","date_gmt":"2016-02-18T17:29:11","guid":{"rendered":"http:\/\/www.elsindical.com.ar\/notas\/?p=57340"},"modified":"2016-02-18T14:29:11","modified_gmt":"2016-02-18T17:29:11","slug":"merlo-desalojo-e-incidentes","status":"publish","type":"post","link":"https:\/\/www.elsindical.com.ar\/notas\/merlo-desalojo-e-incidentes\/","title":{"rendered":"Merlo: Desalojo e incidentes"},"content":{"rendered":"<p><em>\u00a0<a href=\"http:\/\/www.elsindical.com.ar\/notas\/var\/www\/html\/notas\/wp-content\/uploads\/2016\/02\/Merlo-desalojo.jpg\" rel=\"attachment wp-att-57341\"><img loading=\"lazy\" decoding=\"async\" class=\"alignnone size-medium wp-image-57341\" src=\"http:\/\/www.elsindical.com.ar\/notas\/var\/www\/html\/notas\/wp-content\/uploads\/2016\/02\/Merlo-desalojo-300x158.jpg\" alt=\"Merlo-desalojo\" width=\"300\" height=\"158\" srcset=\"https:\/\/www.elsindical.com.ar\/notas\/var\/www\/html\/notas\/wp-content\/uploads\/2016\/02\/Merlo-desalojo-300x158.jpg 300w, https:\/\/www.elsindical.com.ar\/notas\/var\/www\/html\/notas\/wp-content\/uploads\/2016\/02\/Merlo-desalojo-500x263.jpg 500w, https:\/\/www.elsindical.com.ar\/notas\/var\/www\/html\/notas\/wp-content\/uploads\/2016\/02\/Merlo-desalojo.jpg 620w\" sizes=\"auto, (max-width: 300px) 100vw, 300px\" \/><\/a> El operativo para sacar de sus viviendas\u00a0a 2 mil familias en el territorio ubicado al costado de la ruta 1003 fue abortado temporalmente\u00a0debido a la presencia de ni\u00f1os sin adultos a cargo. Los habitantes denuncian irregularidades.\u00a0<\/em><\/p>\n<p>Efectivos de la Polic\u00eda Bonaerense que comenzaron esta madrugada un operativo para desalojar cerca de 2.000 familias que viven en un predio tomado desde el 22 de octubre en la localidad bonaerense de Libertad, partido de Merlo, suspendieron temporalmente el procedimiento por la presencia de ni\u00f1os sin adultos a cargo, a la espera que sean censados por las autoridades judiciales.<\/p>\n<p>El freno es<em> \u00abprovisorio\u00bb<\/em> y se produjo cuando restaba desalojar cerca del 10 por ciento del terreno, por lo que hay 20 trabajadoras sociales identificando a los menores, indicaron fuentes municipales.<\/p>\n<p>El operativo se inici\u00f3 a las 4 cuando unos 1.200 agentes cercaron el predio ubicado al costado de la ruta 1003 y a las 6, con la salida de la luz del d\u00eda, comenzaron a ir casilla por casilla para pedirles a los ocupantes que voluntariamente dejen sus precarios hogares.<\/p>\n<p>Los vecinos denunciaron que el procedimiento viola una pr\u00f3rroga judicial para llegar a una soluci\u00f3n consensuada, adem\u00e1s de considerar que son el \u00ab<em>chivo expiatorio\u00bb<\/em> de la muerte de un ni\u00f1o ocurrida el fin de semana pasado.<\/p>\n<p>El predio se llen\u00f3 de humo por el incendio de las casillas, en tanto otros vecinos las desarmaron para no perder los materiales, en un procedimiento del que tambi\u00e9n participan topadoras del municipio y un helic\u00f3ptero del Ministerio de Seguridad bonaerense que observa la situaci\u00f3n desde el aire.<\/p>\n<p>Los vecinos no opusieron resistencia y un grupo cort\u00f3 la ruta con carteles con las consignas<em> \u201crespeten a la pr\u00f3rroga de 180 d\u00edas\u201d <\/em>y<em> \u201cno desalojen a las familias, desalojen a los narcos\u201d.<\/em><\/p>\n<p>La medida se tom\u00f3 pese a que el Juzgado de Garant\u00edas N\u00ba 4 firm\u00f3\u00a0una resoluci\u00f3n en la que exhortaba a las autoridades a suspender cualquier intento de desalojo por el plazo de 180 d\u00edas y<em> \u00abconvocar mesas de gesti\u00f3n\u00bb <\/em>para solucionar el problema, decisi\u00f3n que el propio tribunal luego decidi\u00f3 anular y ordenar el desalojo.<\/p>\n<p><em>\u00abPens\u00e1bamos que no iba a pasar por la decisi\u00f3n judicial. Est\u00e1bamos tranquilos pero igual pasamos la noche en vigilia\u00bb<\/em>, cont\u00f3 a T\u00e9lam<strong> Estela<\/strong>, una de las ocupantes del predio bautizado como \u00ab<em>Barrio Nueva Esperanza\u00bb.<\/em><\/p>\n<p>La vecina precis\u00f3 que hay 2 mil familias viviendo en el lugar, incluyendo muchos chicos \u00ab<em>que los mandamos a otro lado porque no queremos violencia ni heridos como pas\u00f3 con <strong>Oscarcito<\/strong>\u00ab<\/em>, en referencia al nene de ocho a\u00f1os que falleci\u00f3 el fin de semana pasado a causa de una bala perdida en un enfrentamiento en la toma.<\/p>\n<p><em>\u00abEntendemos que somos el chivo expiatorio de una situaci\u00f3n tremenda como fue la muerte de Oscarcito, que es culpa de los narcotraficantes y no de la toma donde hay familias reclamando hace cuatro meses el derecho a la vivienda\u00bb,<\/em> complet\u00f3 <strong>Anah\u00ed Ben\u00edtez<\/strong>, tambi\u00e9n vecina del lugar.<\/p>\n<p><em>\u00abNo viv\u00eda en nuestro barrio pero para nosotros era uno m\u00e1s y su muerte es responsabilidad de la polic\u00eda y el municipio que dej\u00f3 operar estas bandas, no de los vecinos<\/em>\u00ab, a\u00f1adi\u00f3.<\/p>\n<p>Otro ocupante, <strong>Jorge Villalba<\/strong>, apunt\u00f3 contra la Justicia por <em>\u00abviolar la pr\u00f3rroga de 180 d\u00edas para quedarnos\u00bb<\/em> y destac\u00f3 que <em>\u00abeste predio estaba abandonado y lo limpiamos, abrimos calles y pusimos electricidad para armar un barrio digno que queremos vivir\u00bb.<\/em><\/p>\n<p><em>\u00abHay muchas familias que est\u00e1n en situaci\u00f3n de calle y este desalojo fue hecho sin un aviso previo. La mayor parte de las familias estamos desesperados porque no tenemos donde ir\u00bb,<\/em> exclam\u00f3 Estela.<\/p>\n<p>Por su parte, el intendente de Merlo,<strong> Gustavo Men\u00e9ndez<\/strong>, se\u00f1al\u00f3 que<em> \u00abhay personal de la municipalidad para garantizar que el desalojo sea pac\u00edfico\u201d.<\/em><\/p>\n<p><em>\u00abLa informaci\u00f3n que tenemos es que va a ser absolutamente pac\u00edfico, hemos hablado con ocupantes y organizaciones y a todos se les explic\u00f3 que la posici\u00f3n nuestra es no avalar ninguna toma\u00bb<\/em>, reafirm\u00f3 en declaraciones a la se\u00f1al de noticias TN.<\/p>\n<p><em>\u201cNo hubo negociaci\u00f3n previa, sino una decisi\u00f3n judicial frente a una presentaci\u00f3n de los titulares de la tierra\u201d,<\/em> dijo el jefe comunal.<\/p>\n<p>A\u00f1adi\u00f3 que los due\u00f1os del predio pidieron a anteriores gestiones urbanizar el lugar, lo que fue denegado, pero asegur\u00f3 que <em>\u00abahora vamos a trabajar para que eso ocurra y sea parte de la soluci\u00f3n\u00bb.<\/em><\/p>\n","protected":false},"excerpt":{"rendered":"<p>\u00a0 El operativo para sacar de sus viviendas\u00a0a 2 mil familias en el territorio ubicado al costado de la ruta 1003 fue abortado temporalmente\u00a0debido a la presencia de ni\u00f1os sin adultos a cargo. Los habitantes denuncian irregularidades.\u00a0 Efectivos de la Polic\u00eda Bonaerense que comenzaron esta madrugada un operativo para desalojar cerca de 2.000 familias que&hellip;<\/p>\n","protected":false},"author":1,"featured_media":0,"comment_status":"open","ping_status":"open","sticky":false,"template":"","format":"standard","meta":{"footnotes":""},"categories":[22],"tags":[199,1684,1008,11623,1788,749],"class_list":["post-57340","post","type-post","status-publish","format-standard","hentry","category-policiales","tag-desalojo","tag-libertad","tag-merlo","tag-ministerio-de-seguridad-bonaerense","tag-ninos","tag-policia-bonaerense"],"_links":{"self":[{"href":"https:\/\/www.elsindical.com.ar\/notas\/wp-json\/wp\/v2\/posts\/57340","targetHints":{"allow":["GET"]}}],"collection":[{"href":"https:\/\/www.elsindical.com.ar\/notas\/wp-json\/wp\/v2\/posts"}],"about":[{"href":"https:\/\/www.elsindical.com.ar\/notas\/wp-json\/wp\/v2\/types\/post"}],"author":[{"embeddable":true,"href":"https:\/\/www.elsindical.com.ar\/notas\/wp-json\/wp\/v2\/users\/1"}],"replies":[{"embeddable":true,"href":"https:\/\/www.elsindical.com.ar\/notas\/wp-json\/wp\/v2\/comments?post=57340"}],"version-history":[{"count":1,"href":"https:\/\/www.elsindical.com.ar\/notas\/wp-json\/wp\/v2\/posts\/57340\/revisions"}],"predecessor-version":[{"id":57342,"href":"https:\/\/www.elsindical.com.ar\/notas\/wp-json\/wp\/v2\/posts\/57340\/revisions\/57342"}],"wp:attachment":[{"href":"https:\/\/www.elsindical.com.ar\/notas\/wp-json\/wp\/v2\/media?parent=57340"}],"wp:term":[{"taxonomy":"category","embeddable":true,"href":"https:\/\/www.elsindical.com.ar\/notas\/wp-json\/wp\/v2\/categories?post=57340"},{"taxonomy":"post_tag","embeddable":true,"href":"https:\/\/www.elsindical.com.ar\/notas\/wp-json\/wp\/v2\/tags?post=57340"}],"curies":[{"name":"wp","href":"https:\/\/api.w.org\/{rel}","templated":true}]}}