{"id":57335,"date":"2016-02-18T14:12:47","date_gmt":"2016-02-18T17:12:47","guid":{"rendered":"http:\/\/www.elsindical.com.ar\/notas\/?p=57335"},"modified":"2016-02-18T14:12:47","modified_gmt":"2016-02-18T17:12:47","slug":"manana-mesa-salarial-de-ciudad","status":"publish","type":"post","link":"https:\/\/www.elsindical.com.ar\/notas\/manana-mesa-salarial-de-ciudad\/","title":{"rendered":"Ma\u00f1ana Mesa Salarial de Ciudad"},"content":{"rendered":"<p><a href=\"http:\/\/www.elsindical.com.ar\/notas\/var\/www\/html\/notas\/wp-content\/uploads\/2011\/07\/Logo-UTE-2.jpg\" rel=\"attachment wp-att-15276\"><img loading=\"lazy\" decoding=\"async\" class=\"alignnone size-full wp-image-15276\" src=\"http:\/\/www.elsindical.com.ar\/notas\/var\/www\/html\/notas\/wp-content\/uploads\/2011\/07\/Logo-UTE-2.jpg\" alt=\"Logo-UTE-2\" width=\"207\" height=\"177\" \/><\/a>\u00a0 La Uni\u00f3n de los Trabajadores de la Educaci\u00f3n, UTE-CTERA, concurrir\u00e1\u00a0ma\u00f1ana, viernes 19 de febrero,\u00a0 a las 14:00 horas en Av. Paseo Col\u00f3n 255 \u00a0a la Mesa de Condiciones Laborales y Salariales convocada\u00a0 por la Ministra de Educaci\u00f3n porte\u00f1a Soledad Acu\u00f1a. El Secretario general de UTE, Eduardo L\u00f3pez, estar\u00e1 en la reuni\u00f3n con la Ministra Acu\u00f1a junto a representantes de los otros sindicatos docentes de la Ciudad para exigir que\u00a0la paritaria contin\u00fae abierta todo el a\u00f1o y que el\u00a0aumento este entre el 35 y el 40%\u00a0para todos los docentes de la Ciudad.<\/p>\n<p>\u201cSolamente para mantener el poder adquisitivo de nuestro salario necesitamos una recomposici\u00f3n salarial del 35%. Nada impide al Gobierno de la Ciudad de Buenos Aires, convocar urgentemente al di\u00e1logo y realizar una nueva propuesta salarial acorde ya que se trata de la jurisdicci\u00f3n m\u00e1s rica del pa\u00eds\u201d, expres\u00f3 Eduardo L\u00f3pez.<\/p>\n<p>La UTE insistir\u00e1 en las\u00a0comisiones t\u00e9cnicas de trabajo sobre condiciones laborales y calidad educativa que el ministerio lleve adelante:\u00a0Licencia por violencia de g\u00e9nero y fertilizaci\u00f3n asistida;\u00a0Ampliaci\u00f3n de los maestros itinerantes a m\u00e1s distritos; Ampliaci\u00f3n de los equipos de apoyo y estabilidad de los trabajadores de los ASE y EPVS;\u00a0Completar la titularizaci\u00f3n en el \u00e1rea socioeducativa y escuelas Normales, Superiores y Art\u00edsticas; Avanzar en mecanismos m\u00e1s eficientes y r\u00e1pidos para la titularizaci\u00f3n de los docentes de nivel medio.<\/p>\n<p>&nbsp;<\/p>\n<p>Contactos\u00a0 Prensa: Marcelo Bruno 1535728500\u00a0 \/\u00a0 Paula Galigniana 1549986513<\/p>\n<p>Secretario de Prensa UTE: Mariano Denegris1552406003<\/p>\n","protected":false},"excerpt":{"rendered":"<p>\u00a0 La Uni\u00f3n de los Trabajadores de la Educaci\u00f3n, UTE-CTERA, concurrir\u00e1\u00a0ma\u00f1ana, viernes 19 de febrero,\u00a0 a las 14:00 horas en Av. Paseo Col\u00f3n 255 \u00a0a la Mesa de Condiciones Laborales y Salariales convocada\u00a0 por la Ministra de Educaci\u00f3n porte\u00f1a Soledad Acu\u00f1a. El Secretario general de UTE, Eduardo L\u00f3pez, estar\u00e1 en la reuni\u00f3n con la Ministra&hellip;<\/p>\n","protected":false},"author":1,"featured_media":0,"comment_status":"open","ping_status":"open","sticky":false,"template":"","format":"standard","meta":{"footnotes":""},"categories":[16],"tags":[2719,16307,777],"class_list":["post-57335","post","type-post","status-publish","format-standard","hentry","category-gremiales","tag-ctera","tag-eduardo-lopez","tag-ute"],"_links":{"self":[{"href":"https:\/\/www.elsindical.com.ar\/notas\/wp-json\/wp\/v2\/posts\/57335","targetHints":{"allow":["GET"]}}],"collection":[{"href":"https:\/\/www.elsindical.com.ar\/notas\/wp-json\/wp\/v2\/posts"}],"about":[{"href":"https:\/\/www.elsindical.com.ar\/notas\/wp-json\/wp\/v2\/types\/post"}],"author":[{"embeddable":true,"href":"https:\/\/www.elsindical.com.ar\/notas\/wp-json\/wp\/v2\/users\/1"}],"replies":[{"embeddable":true,"href":"https:\/\/www.elsindical.com.ar\/notas\/wp-json\/wp\/v2\/comments?post=57335"}],"version-history":[{"count":1,"href":"https:\/\/www.elsindical.com.ar\/notas\/wp-json\/wp\/v2\/posts\/57335\/revisions"}],"predecessor-version":[{"id":57336,"href":"https:\/\/www.elsindical.com.ar\/notas\/wp-json\/wp\/v2\/posts\/57335\/revisions\/57336"}],"wp:attachment":[{"href":"https:\/\/www.elsindical.com.ar\/notas\/wp-json\/wp\/v2\/media?parent=57335"}],"wp:term":[{"taxonomy":"category","embeddable":true,"href":"https:\/\/www.elsindical.com.ar\/notas\/wp-json\/wp\/v2\/categories?post=57335"},{"taxonomy":"post_tag","embeddable":true,"href":"https:\/\/www.elsindical.com.ar\/notas\/wp-json\/wp\/v2\/tags?post=57335"}],"curies":[{"name":"wp","href":"https:\/\/api.w.org\/{rel}","templated":true}]}}