{"id":57316,"date":"2016-02-18T10:40:06","date_gmt":"2016-02-18T13:40:06","guid":{"rendered":"http:\/\/www.elsindical.com.ar\/notas\/?p=57316"},"modified":"2016-02-18T10:40:06","modified_gmt":"2016-02-18T13:40:06","slug":"aumento-del-boleto-en-el-nuevo-roca","status":"publish","type":"post","link":"https:\/\/www.elsindical.com.ar\/notas\/aumento-del-boleto-en-el-nuevo-roca\/","title":{"rendered":"Aumento del boleto en el \u00abnuevo\u00bb Roca"},"content":{"rendered":"<p><em><a href=\"http:\/\/www.elsindical.com.ar\/notas\/var\/www\/html\/notas\/wp-content\/uploads\/2016\/02\/tren-Roca-rl\u00e9ctrico.jpg\" rel=\"attachment wp-att-57317\"><img loading=\"lazy\" decoding=\"async\" class=\"alignnone size-medium wp-image-57317\" src=\"http:\/\/www.elsindical.com.ar\/notas\/var\/www\/html\/notas\/wp-content\/uploads\/2016\/02\/tren-Roca-rl\u00e9ctrico-300x158.jpg\" alt=\"tren-Roca-rl\u00e9ctrico\" width=\"300\" height=\"158\" srcset=\"https:\/\/www.elsindical.com.ar\/notas\/var\/www\/html\/notas\/wp-content\/uploads\/2016\/02\/tren-Roca-rl\u00e9ctrico-300x158.jpg 300w, https:\/\/www.elsindical.com.ar\/notas\/var\/www\/html\/notas\/wp-content\/uploads\/2016\/02\/tren-Roca-rl\u00e9ctrico-500x263.jpg 500w, https:\/\/www.elsindical.com.ar\/notas\/var\/www\/html\/notas\/wp-content\/uploads\/2016\/02\/tren-Roca-rl\u00e9ctrico.jpg 620w\" sizes=\"auto, (max-width: 300px) 100vw, 300px\" \/><\/a>\u00a0 El Ministerio de Transporte, conducido por <strong>Guillermo Dietrich<\/strong>, consider\u00f3 necesario\u00a0elevar el pago m\u00ednimo de la tarifa en esta l\u00ednea ferroviaria, la\u00a0cual\u00a0pasar\u00e1 de $1,20 a $2, para\u00a0la primera secci\u00f3n\u00a0(12 km),\u00a03 pesos para la segunda (hasta 24 km) y 4 pesos para aquellos\u00a0trayectos de m\u00e1s de 24 km.<\/em><\/p>\n<p>El primero te lo regalan, el segundo te lo venden\u201d, dec\u00eda la canci\u00f3n de Los Twist. Tras dos jornadas de viaje en el nuevo tren el\u00e9ctrico (que s\u00f3lo corre desde Quilmes), los usuarios del ramal La Plata- Constituci\u00f3n del tren Roca comenzar\u00e1n hoy a pagar un boleto m\u00e1s caro por el transporte.<\/p>\n<p>El mi\u00e9rcoles por la noche\u00a0se conoci\u00f3 la resoluci\u00f3n del Ministerio de Transporte, conducido por <strong>Guillermo Dietrich<\/strong>, de elevar el pago m\u00ednimo del boleto, que pasar\u00e1 de $1,20 a $2.<\/p>\n<p>El aumento en el boleto, seg\u00fan explica el comunicado del ministerio,<em> \u201cse adapta a las tarifas existentes en el resto de las l\u00edneas que recibieron nuevas formaciones e inversiones para la mejora de la calidad del viaje (San Mart\u00edn, Sarmiento y Mitre &#8211; ramales Tigre y Jos\u00e9 Le\u00f3n Su\u00e1rez)\u201d.<\/em> De esta manera los pasajeros del ramal La Plata pasar\u00e1n a pagar a partir de este jueves 2 pesos para la primera secci\u00f3n (hasta 12 km), 3 pesos para la segunda (hasta 24 km) y 4 pesos para aquellos trayectos de m\u00e1s de 24 km.<\/p>\n<p>La resoluci\u00f3n publicada en el sitio web del ministerio adelanta que el nueo cuadro tarifario<em> \u201ccomenzar\u00e1 a regir a partir de la 0 hora del jueves 18\u201d<\/em>, es decir, desde hoy.<\/p>\n<p>Los usuarios que entran en los grupos de mayor vulnerabilidad social (titulares de planes sociales, programa Jefes de Hogar, jubilados y pensionados, personal del trabajo dom\u00e9stico y veteranos de guerra de Malvinas) mantienen una tarifa diferenciada, con un descuento del 40%, utilizando la tarjeta SUBE.<\/p>\n","protected":false},"excerpt":{"rendered":"<p>\u00a0 El Ministerio de Transporte, conducido por Guillermo Dietrich, consider\u00f3 necesario\u00a0elevar el pago m\u00ednimo de la tarifa en esta l\u00ednea ferroviaria, la\u00a0cual\u00a0pasar\u00e1 de $1,20 a $2, para\u00a0la primera secci\u00f3n\u00a0(12 km),\u00a03 pesos para la segunda (hasta 24 km) y 4 pesos para aquellos\u00a0trayectos de m\u00e1s de 24 km. El primero te lo regalan, el segundo te&hellip;<\/p>\n","protected":false},"author":1,"featured_media":0,"comment_status":"open","ping_status":"open","sticky":false,"template":"","format":"standard","meta":{"footnotes":""},"categories":[9],"tags":[357,7374,13374,402,4988,22970],"class_list":["post-57316","post","type-post","status-publish","format-standard","hentry","category-economia","tag-aumento","tag-boleto","tag-guillermo-dietrich","tag-pasajeros","tag-roca","tag-tren-electrico"],"_links":{"self":[{"href":"https:\/\/www.elsindical.com.ar\/notas\/wp-json\/wp\/v2\/posts\/57316","targetHints":{"allow":["GET"]}}],"collection":[{"href":"https:\/\/www.elsindical.com.ar\/notas\/wp-json\/wp\/v2\/posts"}],"about":[{"href":"https:\/\/www.elsindical.com.ar\/notas\/wp-json\/wp\/v2\/types\/post"}],"author":[{"embeddable":true,"href":"https:\/\/www.elsindical.com.ar\/notas\/wp-json\/wp\/v2\/users\/1"}],"replies":[{"embeddable":true,"href":"https:\/\/www.elsindical.com.ar\/notas\/wp-json\/wp\/v2\/comments?post=57316"}],"version-history":[{"count":1,"href":"https:\/\/www.elsindical.com.ar\/notas\/wp-json\/wp\/v2\/posts\/57316\/revisions"}],"predecessor-version":[{"id":57318,"href":"https:\/\/www.elsindical.com.ar\/notas\/wp-json\/wp\/v2\/posts\/57316\/revisions\/57318"}],"wp:attachment":[{"href":"https:\/\/www.elsindical.com.ar\/notas\/wp-json\/wp\/v2\/media?parent=57316"}],"wp:term":[{"taxonomy":"category","embeddable":true,"href":"https:\/\/www.elsindical.com.ar\/notas\/wp-json\/wp\/v2\/categories?post=57316"},{"taxonomy":"post_tag","embeddable":true,"href":"https:\/\/www.elsindical.com.ar\/notas\/wp-json\/wp\/v2\/tags?post=57316"}],"curies":[{"name":"wp","href":"https:\/\/api.w.org\/{rel}","templated":true}]}}