{"id":57275,"date":"2016-02-16T10:27:56","date_gmt":"2016-02-16T13:27:56","guid":{"rendered":"http:\/\/www.elsindical.com.ar\/notas\/?p=57275"},"modified":"2016-02-16T10:27:56","modified_gmt":"2016-02-16T13:27:56","slug":"villa-crespo-buscan-testigos-de-joven-atropellada","status":"publish","type":"post","link":"https:\/\/www.elsindical.com.ar\/notas\/villa-crespo-buscan-testigos-de-joven-atropellada\/","title":{"rendered":"Villa Crespo: Buscan testigos de joven atropellada"},"content":{"rendered":"<p><em><a href=\"http:\/\/www.elsindical.com.ar\/notas\/var\/www\/html\/notas\/wp-content\/uploads\/2016\/02\/Martina-Miranda.jpg\" rel=\"attachment wp-att-57276\"><img loading=\"lazy\" decoding=\"async\" class=\"alignnone size-medium wp-image-57276\" src=\"http:\/\/www.elsindical.com.ar\/notas\/var\/www\/html\/notas\/wp-content\/uploads\/2016\/02\/Martina-Miranda-300x169.jpg\" alt=\"Martina-Miranda\" width=\"300\" height=\"169\" srcset=\"https:\/\/www.elsindical.com.ar\/notas\/var\/www\/html\/notas\/wp-content\/uploads\/2016\/02\/Martina-Miranda-300x169.jpg 300w, https:\/\/www.elsindical.com.ar\/notas\/var\/www\/html\/notas\/wp-content\/uploads\/2016\/02\/Martina-Miranda-500x282.jpg 500w, https:\/\/www.elsindical.com.ar\/notas\/var\/www\/html\/notas\/wp-content\/uploads\/2016\/02\/Martina-Miranda.jpg 620w\" sizes=\"auto, (max-width: 300px) 100vw, 300px\" \/><\/a>\u00a0 Martina Miranda cruzaba la avenida Scalabrini Ortiz, a la altura de Vera, junto a su novio, cuando un Chevrolet Corsa gris la atropell\u00f3 y dej\u00f3 en grave estado. Ocurri\u00f3 el domingo a la madrugada.<\/em><\/p>\n<p>Una joven de 16 a\u00f1os muri\u00f3 la madrugada del domingo tras ser atropellada por un auto en Scalabrini Ortiz y Vera, en el barrio de Villa Crespo.<\/p>\n<p>Seg\u00fan trascendi\u00f3, la joven llamada Martina estaba en compa\u00f1\u00eda de su novio, que fue el \u00fanico testigo directo del accidente ocurrido alrededor de las 4 de la ma\u00f1ana. El conductor de lo que ser\u00eda un Corsa color gris huy\u00f3 sin brindar asistencia a la muchacha, que muri\u00f3 en el acto.<\/p>\n<p>Como no se tienen datos del accidente, la Justicia ya est\u00e1 analizando las c\u00e1maras de seguridad de la zona para intentar dar con el autom\u00f3vil, al tiempo que solicita a cualquier posible testigo que se presente para aportar datos a la investigaci\u00f3n.<\/p>\n","protected":false},"excerpt":{"rendered":"<p>\u00a0 Martina Miranda cruzaba la avenida Scalabrini Ortiz, a la altura de Vera, junto a su novio, cuando un Chevrolet Corsa gris la atropell\u00f3 y dej\u00f3 en grave estado. Ocurri\u00f3 el domingo a la madrugada. Una joven de 16 a\u00f1os muri\u00f3 la madrugada del domingo tras ser atropellada por un auto en Scalabrini Ortiz y&hellip;<\/p>\n","protected":false},"author":1,"featured_media":0,"comment_status":"open","ping_status":"open","sticky":false,"template":"","format":"standard","meta":{"footnotes":""},"categories":[25],"tags":[323,22955,2881,1607],"class_list":["post-57275","post","type-post","status-publish","format-standard","hentry","category-sociedad","tag-joven","tag-martina-miranda","tag-testigos","tag-villa-crespo"],"_links":{"self":[{"href":"https:\/\/www.elsindical.com.ar\/notas\/wp-json\/wp\/v2\/posts\/57275","targetHints":{"allow":["GET"]}}],"collection":[{"href":"https:\/\/www.elsindical.com.ar\/notas\/wp-json\/wp\/v2\/posts"}],"about":[{"href":"https:\/\/www.elsindical.com.ar\/notas\/wp-json\/wp\/v2\/types\/post"}],"author":[{"embeddable":true,"href":"https:\/\/www.elsindical.com.ar\/notas\/wp-json\/wp\/v2\/users\/1"}],"replies":[{"embeddable":true,"href":"https:\/\/www.elsindical.com.ar\/notas\/wp-json\/wp\/v2\/comments?post=57275"}],"version-history":[{"count":1,"href":"https:\/\/www.elsindical.com.ar\/notas\/wp-json\/wp\/v2\/posts\/57275\/revisions"}],"predecessor-version":[{"id":57277,"href":"https:\/\/www.elsindical.com.ar\/notas\/wp-json\/wp\/v2\/posts\/57275\/revisions\/57277"}],"wp:attachment":[{"href":"https:\/\/www.elsindical.com.ar\/notas\/wp-json\/wp\/v2\/media?parent=57275"}],"wp:term":[{"taxonomy":"category","embeddable":true,"href":"https:\/\/www.elsindical.com.ar\/notas\/wp-json\/wp\/v2\/categories?post=57275"},{"taxonomy":"post_tag","embeddable":true,"href":"https:\/\/www.elsindical.com.ar\/notas\/wp-json\/wp\/v2\/tags?post=57275"}],"curies":[{"name":"wp","href":"https:\/\/api.w.org\/{rel}","templated":true}]}}