{"id":57250,"date":"2016-02-15T13:31:19","date_gmt":"2016-02-15T16:31:19","guid":{"rendered":"http:\/\/www.elsindical.com.ar\/notas\/?p=57250"},"modified":"2016-02-15T13:31:37","modified_gmt":"2016-02-15T16:31:37","slug":"medicos-y-profesionales-de-la-salud-reprochan-a-mauricio-macri-en-un-documento-las-medidas-tomadas-con-las-megaminerias","status":"publish","type":"post","link":"https:\/\/www.elsindical.com.ar\/notas\/medicos-y-profesionales-de-la-salud-reprochan-a-mauricio-macri-en-un-documento-las-medidas-tomadas-con-las-megaminerias\/","title":{"rendered":"M\u00e9dicos y profesionales de la salud reprochan a Mauricio Macri en un documento las medidas tomadas con las megaminer\u00edas"},"content":{"rendered":"<p><a href=\"http:\/\/www.elsindical.com.ar\/notas\/var\/www\/html\/notas\/wp-content\/uploads\/2016\/02\/Macri-Megaminer\u00eda.jpg\" rel=\"attachment wp-att-57251\"><img loading=\"lazy\" decoding=\"async\" class=\"alignnone size-medium wp-image-57251\" src=\"http:\/\/www.elsindical.com.ar\/notas\/var\/www\/html\/notas\/wp-content\/uploads\/2016\/02\/Macri-Megaminer\u00eda-300x161.jpg\" alt=\"Macri-Megaminer\u00eda\" width=\"300\" height=\"161\" srcset=\"https:\/\/www.elsindical.com.ar\/notas\/var\/www\/html\/notas\/wp-content\/uploads\/2016\/02\/Macri-Megaminer\u00eda-300x161.jpg 300w, https:\/\/www.elsindical.com.ar\/notas\/var\/www\/html\/notas\/wp-content\/uploads\/2016\/02\/Macri-Megaminer\u00eda-500x269.jpg 500w, https:\/\/www.elsindical.com.ar\/notas\/var\/www\/html\/notas\/wp-content\/uploads\/2016\/02\/Macri-Megaminer\u00eda.jpg 620w\" sizes=\"auto, (max-width: 300px) 100vw, 300px\" \/><\/a>\u00a0\u00a0 M\u00e1s de 30 mil m\u00e9dicos, profesionales y trabajadores estatales de la salud de todo el pa\u00eds que integran la Federaci\u00f3n Sindical de Profesionales de la Salud de la Rep\u00fablica Argentina (FESPROSA) rechazaron hoy la decisi\u00f3n del gobierno nacional de eliminar las retenciones a las empresas mineras. \u00abQueremos dejarle en claro al presidente de la naci\u00f3n, Mauricio Macri, las profundas implicancias negativas en el plano \u00e9tico, econ\u00f3mico, socioambiental y sanitario de dicha decisi\u00f3n\u00bb, expres\u00f3 al respecto el presidente del gremio, el m\u00e9dico Jorge Yabkowski. En tanto, los profesionales de la salud le reprocharon a Macri que \u00aben el mismo momento en que se despide y se posterga a los trabajadores, se beneficia a las grandes multinacionales megamineras con exenciones que impactan seriamente en las cuentas fiscales\u00bb.<\/p>\n<p>Fue mediante la difusi\u00f3n de un documento que elaboraron, en el que precisaron que:<\/p>\n<p>1) \u00abEn lo \u00e9tico: fue el ministro de Econom\u00eda, Alfonso Prat Gay, el que, am\u00e9n de pedir prudencia a los sindicatos de cara a las paritarias, anunci\u00f3 la postergaci\u00f3n en el cambio del m\u00ednimo no imponible y las escalas del impuesto a las ganancias, justificando tal decisi\u00f3n en la delicada situaci\u00f3n fiscal. Del mismo modo, el ministro de Modernizaci\u00f3n fundament\u00f3 los despidos masivos en la necesidad de racionalizar la estructura del Estado. En el mismo momento en que se despide y se posterga a los trabajadores, se beneficia a las grandes multinacionales megamineras con exenciones que impactan seriamente en las cuentas fiscales.<\/p>\n<p>2) En lo econ\u00f3mico: en medio de una crisis mundial en el precio de las materias primas, es el Estado, con el dinero de los contribuyentes, el que a trav\u00e9s de estas medidas subsidia a las multinacionales mineras. Son las mismas que obtuvieron enormes ganancias durante el superciclo de los comodities y hoy, para mantener su tasa de ganancia, amenazan con suspensiones, despidos y cierre de sus emprendimientos.<\/p>\n<p>3) Las consecuencias socioambientales de la megaminer\u00eda ya fueron denunciadas por la FESPROSA en la resoluci\u00f3n un\u00e1nime de su Congreso de Delegados de noviembre de 2011, el que reproducimos parcialmente a continuaci\u00f3n:<\/p>\n<p>&#8230; La \u00abMegaminer\u00eda a cielo abierto\u00bb es una de las m\u00e1s devastadoras formas de extracci\u00f3n de materias primas minerales (oro, plata y cobre principalmente). Est\u00e1 basada en la exportaci\u00f3n de materias primas en bruto para su industrializaci\u00f3n en el exterior, sin ning\u00fan tipo de control p\u00fablico y a mera declaraci\u00f3n jurada, a cargo corporaciones multinacionales extranjeras que gozan de facilidades impositivas y fiscales para garantizar esta pol\u00edtica de entrega y saqueo.<\/p>\n<p>(La megaminer\u00eda) &#8230;tiene enorme impacto negativo a nivel ambiental, social, econ\u00f3mico y cultural. Sus efectos m\u00e1s nocivos son el agotamiento del agua, la contaminaci\u00f3n de los bienes comunes, la p\u00e9rdida de la biodiversidad, la destrucci\u00f3n del paisaje y la destrucci\u00f3n de las econom\u00edas regionales. La utilizaci\u00f3n y liberaci\u00f3n de sustancias t\u00f3xicas constituye un grave riesgo para la salud de la poblaci\u00f3n&#8230;.<\/p>\n<p>&#8230;Por lo tanto, el Congreso resuelve exigir<\/p>\n<p>&#8230; La urgente revisi\u00f3n de la legislaci\u00f3n Nacional minera derogando las leyes que permiten el saqueo de los recursos naturales, la exenci\u00f3n impositiva a este sector y la contaminaci\u00f3n de la biosfera.<\/p>\n<p>&#8230; La cancelaci\u00f3n de las licencias de exploraci\u00f3n y concesi\u00f3n, entregadas hasta la fecha, prohibiendo nuevas concesiones a la exploraci\u00f3n y explotaci\u00f3n minera metal\u00edfera.<\/p>\n<p>&#8230;. La generaci\u00f3n de pol\u00edticas p\u00fablicas que apunten al verdadero desarrollo sustentable de los pueblos respetando su cultura y sus formas de vida y distribuyendo equitativamente los ingresos.<\/p>\n<p>El derrame de cianuro producido por la empresa Barrick Gold en Veladero, con la contaminaci\u00f3n del agua en la zona de J\u00e1chal, fue la confirmaci\u00f3n de lo que FESPROSA y sus regionales ven\u00edan denunciando desde 2011. Hoy reiteramos que no hay otra salida que la cancelaci\u00f3n de los proyectos que destruyen nuestra cordillera y nuestros glaciares, contaminan y consumen nuestras aguas y envenenan nuestro medio ambiente. La medida del gobierno nacional profundizando las exenciones (pol\u00edtica que ya denunci\u00e1bamos hace cinco a\u00f1os) va en el sentido contrario de lo que reclaman nuestras comunidades.<\/p>\n<p>Como trabajadores de la salud reafirmamos nuestro compromiso de aportar a un gran debate nacional sobre la necesidad de superar el actual modelo extractivista: am\u00e9n de terminar con la megaminer\u00eda contaminante, es necesario acordar pol\u00edticas energ\u00e9ticas basadas en fuentes limpias y renovables, pol\u00edticas alimentarias que pongan fin al modelo de cultivos transg\u00e9nicos con agrot\u00f3xicos y pol\u00edticas de urbanizaci\u00f3n planificadas democr\u00e1ticamente que terminen con la especulaci\u00f3n inmobiliaria como motor del crecimiento.<\/p>\n<p>Es necesario cambiar el rumbo. La salud y el medio ambiente de los argentinos est\u00e1n en peligro\u00bb.<\/p>\n","protected":false},"excerpt":{"rendered":"<p>\u00a0\u00a0 M\u00e1s de 30 mil m\u00e9dicos, profesionales y trabajadores estatales de la salud de todo el pa\u00eds que integran la Federaci\u00f3n Sindical de Profesionales de la Salud de la Rep\u00fablica Argentina (FESPROSA) rechazaron hoy la decisi\u00f3n del gobierno nacional de eliminar las retenciones a las empresas mineras. \u00abQueremos dejarle en claro al presidente de la&hellip;<\/p>\n","protected":false},"author":1,"featured_media":0,"comment_status":"open","ping_status":"open","sticky":false,"template":"","format":"standard","meta":{"footnotes":""},"categories":[13],"tags":[2172,76,103,22942,11274,22031],"class_list":["post-57250","post","type-post","status-publish","format-standard","hentry","category-politica","tag-fesprosa","tag-mauricio-macri","tag-medicos","tag-medioambiente","tag-megamineria","tag-salud"],"_links":{"self":[{"href":"https:\/\/www.elsindical.com.ar\/notas\/wp-json\/wp\/v2\/posts\/57250","targetHints":{"allow":["GET"]}}],"collection":[{"href":"https:\/\/www.elsindical.com.ar\/notas\/wp-json\/wp\/v2\/posts"}],"about":[{"href":"https:\/\/www.elsindical.com.ar\/notas\/wp-json\/wp\/v2\/types\/post"}],"author":[{"embeddable":true,"href":"https:\/\/www.elsindical.com.ar\/notas\/wp-json\/wp\/v2\/users\/1"}],"replies":[{"embeddable":true,"href":"https:\/\/www.elsindical.com.ar\/notas\/wp-json\/wp\/v2\/comments?post=57250"}],"version-history":[{"count":1,"href":"https:\/\/www.elsindical.com.ar\/notas\/wp-json\/wp\/v2\/posts\/57250\/revisions"}],"predecessor-version":[{"id":57252,"href":"https:\/\/www.elsindical.com.ar\/notas\/wp-json\/wp\/v2\/posts\/57250\/revisions\/57252"}],"wp:attachment":[{"href":"https:\/\/www.elsindical.com.ar\/notas\/wp-json\/wp\/v2\/media?parent=57250"}],"wp:term":[{"taxonomy":"category","embeddable":true,"href":"https:\/\/www.elsindical.com.ar\/notas\/wp-json\/wp\/v2\/categories?post=57250"},{"taxonomy":"post_tag","embeddable":true,"href":"https:\/\/www.elsindical.com.ar\/notas\/wp-json\/wp\/v2\/tags?post=57250"}],"curies":[{"name":"wp","href":"https:\/\/api.w.org\/{rel}","templated":true}]}}