{"id":57191,"date":"2016-02-12T18:53:33","date_gmt":"2016-02-12T21:53:33","guid":{"rendered":"http:\/\/www.elsindical.com.ar\/notas\/?p=57191"},"modified":"2016-02-12T18:53:33","modified_gmt":"2016-02-12T21:53:33","slug":"san-antonio-de-padua-subcomisario-de-la-pfa-asesinado-y-su-esposa-herida-durante-robo","status":"publish","type":"post","link":"https:\/\/www.elsindical.com.ar\/notas\/san-antonio-de-padua-subcomisario-de-la-pfa-asesinado-y-su-esposa-herida-durante-robo\/","title":{"rendered":"San Antonio de Padua: Subcomisario de la PFA asesinado y su esposa herida durante robo"},"content":{"rendered":"<div class=\"wrapper\">\n<header class=\"detail-header clearfix\">\n<p class=\"preview\"><em><a href=\"http:\/\/www.elsindical.com.ar\/notas\/var\/www\/html\/notas\/wp-content\/uploads\/2016\/02\/Jerarqu\u00eda-Subcomisario.jpg\" rel=\"attachment wp-att-57192\"><img loading=\"lazy\" decoding=\"async\" class=\"alignnone size-medium wp-image-57192\" src=\"http:\/\/www.elsindical.com.ar\/notas\/var\/www\/html\/notas\/wp-content\/uploads\/2016\/02\/Jerarqu\u00eda-Subcomisario-300x167.jpg\" alt=\"Jerarqu\u00eda-Subcomisario\" width=\"300\" height=\"167\" srcset=\"https:\/\/www.elsindical.com.ar\/notas\/var\/www\/html\/notas\/wp-content\/uploads\/2016\/02\/Jerarqu\u00eda-Subcomisario-300x167.jpg 300w, https:\/\/www.elsindical.com.ar\/notas\/var\/www\/html\/notas\/wp-content\/uploads\/2016\/02\/Jerarqu\u00eda-Subcomisario.jpg 372w\" sizes=\"auto, (max-width: 300px) 100vw, 300px\" \/><\/a>\u00a0 Fue atacado cuando llegaba a su casa por cinco delincuentes armados que adem\u00e1s hirieron a su esposa. Los ladrones huyeron sin concretar el robo.<\/em><\/p>\n<p class=\"preview\">Un Subcomisario de la Polic\u00eda Federal fue acribillado a balazos y su esposa herida durante un intento de robo registrado frente a su casa de la localidad bonaerense de San Antonio de Padua, en el partido de Merlo.<span class=\"Apple-converted-space\">\u00a0<\/span><\/p>\n<p>Un jefe policial inform\u00f3 que el hecho fue cometido la noche del jueves 11 de febrero, alrededor de las 22:00 , en el cruce de las calles Ascasubi y 11 de Noviembre, zona oeste del conurbano. All\u00ed, el subcomisario<span class=\"Apple-converted-space\">\u00a0<\/span><b>Pablo Goya<\/b>, de 40 a\u00f1os, que prestaba servicio en la Divisi\u00f3n Armas y Agencias, lleg\u00f3 en su camioneta a su vivienda<b><span class=\"Apple-converted-space\">\u00a0<\/span>junto a su esposa y sus dos hijas<\/b>.<span class=\"Apple-converted-space\">\u00a0<\/span><\/p>\n<p>Cuando la mujer descendi\u00f3 de la camioneta para abrir el port\u00f3n de la cochera, aparecieron cinco ladrones armados que intentaron apoderarse del veh\u00edculo. El Subcomisario intent\u00f3 defenderse y fue asesinado de siete balazos, mientras que su esposa recibi\u00f3 un disparo por la espalda. Los ladrones escaparon en un auto que los esperaba a pocos metros sin concretar el robo.<span class=\"Apple-converted-space\">\u00a0<\/span><\/p>\n<p class=\"preview\">La mujer herida, seg\u00fan el informante, fue trasladada a un centro m\u00e9dico cercano, donde se inform\u00f3 que<span class=\"Apple-converted-space\">\u00a0<\/span><b>su vida no corr\u00eda peligro<\/b>.<b><span class=\"Apple-converted-space\">\u00a0<\/span><\/b><\/p>\n<p>La polic\u00eda realiz\u00f3 durante la noche y la madrugada varios procedimientos en la zona en busca de los responsables, sin \u00e9xito. Los investigadores analizaban las c\u00e1maras de seguridad de la comuna en busca de alguna pista que les permita identificar a los ladrones. Tom\u00f3 intervenci\u00f3n en el caso la comisar\u00eda segunda de Merlo.<\/p>\n<\/header>\n<\/div>\n<div class=\"full-width-wrapper\"><\/div>\n<div class=\"wrapper\"><\/div>\n","protected":false},"excerpt":{"rendered":"<p>\u00a0 Fue atacado cuando llegaba a su casa por cinco delincuentes armados que adem\u00e1s hirieron a su esposa. Los ladrones huyeron sin concretar el robo. Un Subcomisario de la Polic\u00eda Federal fue acribillado a balazos y su esposa herida durante un intento de robo registrado frente a su casa de la localidad bonaerense de San&hellip;<\/p>\n","protected":false},"author":1,"featured_media":0,"comment_status":"open","ping_status":"open","sticky":false,"template":"","format":"standard","meta":{"footnotes":""},"categories":[22],"tags":[363,569,1678,1008,14895,22926],"class_list":["post-57191","post","type-post","status-publish","format-standard","hentry","category-policiales","tag-asesinato","tag-esposa","tag-herida","tag-merlo","tag-san-antonio-de-padua","tag-subcomisario-pablo-goya"],"_links":{"self":[{"href":"https:\/\/www.elsindical.com.ar\/notas\/wp-json\/wp\/v2\/posts\/57191","targetHints":{"allow":["GET"]}}],"collection":[{"href":"https:\/\/www.elsindical.com.ar\/notas\/wp-json\/wp\/v2\/posts"}],"about":[{"href":"https:\/\/www.elsindical.com.ar\/notas\/wp-json\/wp\/v2\/types\/post"}],"author":[{"embeddable":true,"href":"https:\/\/www.elsindical.com.ar\/notas\/wp-json\/wp\/v2\/users\/1"}],"replies":[{"embeddable":true,"href":"https:\/\/www.elsindical.com.ar\/notas\/wp-json\/wp\/v2\/comments?post=57191"}],"version-history":[{"count":1,"href":"https:\/\/www.elsindical.com.ar\/notas\/wp-json\/wp\/v2\/posts\/57191\/revisions"}],"predecessor-version":[{"id":57193,"href":"https:\/\/www.elsindical.com.ar\/notas\/wp-json\/wp\/v2\/posts\/57191\/revisions\/57193"}],"wp:attachment":[{"href":"https:\/\/www.elsindical.com.ar\/notas\/wp-json\/wp\/v2\/media?parent=57191"}],"wp:term":[{"taxonomy":"category","embeddable":true,"href":"https:\/\/www.elsindical.com.ar\/notas\/wp-json\/wp\/v2\/categories?post=57191"},{"taxonomy":"post_tag","embeddable":true,"href":"https:\/\/www.elsindical.com.ar\/notas\/wp-json\/wp\/v2\/tags?post=57191"}],"curies":[{"name":"wp","href":"https:\/\/api.w.org\/{rel}","templated":true}]}}