{"id":57168,"date":"2016-02-11T23:51:52","date_gmt":"2016-02-12T02:51:52","guid":{"rendered":"http:\/\/www.elsindical.com.ar\/notas\/?p=57168"},"modified":"2016-02-11T23:51:52","modified_gmt":"2016-02-12T02:51:52","slug":"como-el-presidente-de-temperley-escracho-a-los-ladrones-de-su-iphone","status":"publish","type":"post","link":"https:\/\/www.elsindical.com.ar\/notas\/como-el-presidente-de-temperley-escracho-a-los-ladrones-de-su-iphone\/","title":{"rendered":"C\u00f3mo el presidente de Temperley escrach\u00f3 a los ladrones de su iPhone"},"content":{"rendered":"<p><em><a href=\"http:\/\/www.elsindical.com.ar\/notas\/var\/www\/html\/notas\/wp-content\/uploads\/2016\/02\/escrache-Hern\u00e1n-Lewin.jpg\" rel=\"attachment wp-att-57171\"><img loading=\"lazy\" decoding=\"async\" class=\"alignnone size-medium wp-image-57171\" src=\"http:\/\/www.elsindical.com.ar\/notas\/var\/www\/html\/notas\/wp-content\/uploads\/2016\/02\/escrache-Hern\u00e1n-Lewin-300x169.jpg\" alt=\"escrache-Hern\u00e1n-Lewin\" width=\"300\" height=\"169\" srcset=\"https:\/\/www.elsindical.com.ar\/notas\/var\/www\/html\/notas\/wp-content\/uploads\/2016\/02\/escrache-Hern\u00e1n-Lewin-300x169.jpg 300w, https:\/\/www.elsindical.com.ar\/notas\/var\/www\/html\/notas\/wp-content\/uploads\/2016\/02\/escrache-Hern\u00e1n-Lewin-500x281.jpg 500w, https:\/\/www.elsindical.com.ar\/notas\/var\/www\/html\/notas\/wp-content\/uploads\/2016\/02\/escrache-Hern\u00e1n-Lewin.jpg 620w\" sizes=\"auto, (max-width: 300px) 100vw, 300px\" \/><\/a>\u00a0 Hern\u00e1n Lewin difundi\u00f3 las im\u00e1genes tomadas con el aparato que le sacaron en un violento robo. \u00abDigan Whisky!!! As\u00ed estamos!!! Argentina 2016!!!\u00bb, dijo.<\/em><\/p>\n<div><b>Hern\u00e1n Lewin<\/b>, el presidente de Temperley, escrach\u00f3 a los ladrones de su tel\u00e9fono iPhone, al publicar en su Facebook las fotos tomadas con el aparato robado hace dos semanas. El dirigente hab\u00eda difundido en su perfil el video que mostraba las dram\u00e1ticas im\u00e1genes del asalto que sufri\u00f3 a fines del mes pasado, cuando en una calle un veh\u00edculo se le cruz\u00f3 por delante y se llevaron su auto.<\/div>\n<div>\n<p><i>\u00abPonele que te chorean el auto y el celu&#8230; y justo era un IPhone&#8230;. y justo te pinto sacarte fotos&#8230; y justo yo las veo (porque es una funci\u00f3n del IPhone). Digan Whisky!!! As\u00ed estamos!!! Argentina 2016!!!\u00bb,<\/i> es el mensaje que public\u00f3 ahora Lewin en Facebook.<\/p>\n<p>Tras el asalto sufrido en enero, Lewin dialog\u00f3 con la prensa y cont\u00f3 el dram\u00e1tico momento que tuvo que vivir. \u00abMe salv\u00e9 de casualidad. Uno nunca sabe c\u00f3mo reaccionar y te quedas con miedo\u00bb, dijo.<\/p>\n<p>Hac\u00eda pocos d\u00edas el directivo hab\u00eda sido noticia por donarle un ri\u00f1\u00f3n a su hijo, quien lo acompa\u00f1aba en el momento del asalto. \u00abEn diciembre hicimos el trasplante y mi hijo qued\u00f3 muy sensible. Ahora me manda mensajes dici\u00e9ndome que no salga m\u00e1s de noche\u00bb, cont\u00f3.<\/p>\n<p>Y a\u00f1adi\u00f3: \u00abEs un segundo, es imposible escapar de la situaci\u00f3n. Tienen que hacer algo de fondo, es una situaci\u00f3n inaguantable\u00bb.<\/p>\n<p>Tras publicar el video del robo en Facebook, pudo recabar datos sobre el paradero del veh\u00edculo. \u00abUn vecino <strong>me avis\u00f3 que la camioneta estaba en Remedios de Escalada<\/strong>, en una zona donde suelen abandonar autos robados\u00bb, relat\u00f3 entonces.<br \/>\n<b><\/b><\/p>\n<p>C\u00f3mo es la funci\u00f3n antirobo del iPhone<\/p>\n<div><\/div>\n<div>\n<p>Los usuarios de iPhone tienen la posibilidad de activar una herramienta llamada \u00abFototeca de iCloud\u00bb que les permite sincronizar autom\u00e1ticamente sus colecciones de im\u00e1genes en todos sus dispositivos. La Fototeca de iCloud guarda todas las fotos en la nube y permite acceder a ellas a trav\u00e9s del iPhone, iPad, iPod touch, Mac o PC. Adem\u00e1s, cuando se edita una imagen, los cambios se actualizan autom\u00e1ticamente en todos los dispositivos.<\/p>\n<p>Hay usuarios que prefieren no activar esta opci\u00f3n, pero s\u00ed habilitan \u00abMis fotos en streaming\u00bb, una funci\u00f3n que env\u00eda autom\u00e1ticamente las fotos nuevas a todos los dispositivos que funcionan bajo la misma cuenta de iCloud cuando est\u00e1n conectados a una red Wi-FI. iCloud es un servicio virtual de Apple que contempla diversas funciones para que los usuarios puedan compartir su informaci\u00f3n en varios dispositivos. Todas las personas que compran por primera vez un producto de la marca de la manzanita est\u00e1n obligados a registrarse en iCloud.<\/p>\n<\/div>\n<\/div>\n<p><iframe loading=\"lazy\" src=\"https:\/\/www.youtube.com\/embed\/nJeUtSlE9_o\" width=\"580\" height=\"420\" frameborder=\"0\" allowfullscreen=\"allowfullscreen\"><\/iframe><\/p>\n<p><a href=\"http:\/\/www.elsindical.com.ar\/notas\/var\/www\/html\/notas\/wp-content\/uploads\/2016\/02\/escrache-Hern\u00e1n-Lewin-4.jpg\" rel=\"attachment wp-att-57172\"><img loading=\"lazy\" decoding=\"async\" class=\"alignnone size-medium wp-image-57172\" src=\"http:\/\/www.elsindical.com.ar\/notas\/var\/www\/html\/notas\/wp-content\/uploads\/2016\/02\/escrache-Hern\u00e1n-Lewin-4-300x169.jpg\" alt=\"escrache-Hern\u00e1n-Lewin-4\" width=\"300\" height=\"169\" srcset=\"https:\/\/www.elsindical.com.ar\/notas\/var\/www\/html\/notas\/wp-content\/uploads\/2016\/02\/escrache-Hern\u00e1n-Lewin-4-300x169.jpg 300w, https:\/\/www.elsindical.com.ar\/notas\/var\/www\/html\/notas\/wp-content\/uploads\/2016\/02\/escrache-Hern\u00e1n-Lewin-4-500x281.jpg 500w, https:\/\/www.elsindical.com.ar\/notas\/var\/www\/html\/notas\/wp-content\/uploads\/2016\/02\/escrache-Hern\u00e1n-Lewin-4.jpg 620w\" sizes=\"auto, (max-width: 300px) 100vw, 300px\" \/><\/a> <a href=\"http:\/\/www.elsindical.com.ar\/notas\/var\/www\/html\/notas\/wp-content\/uploads\/2016\/02\/escrache-Hern\u00e1n-Lewin-2.jpg\" rel=\"attachment wp-att-57170\"><img loading=\"lazy\" decoding=\"async\" class=\"alignnone size-medium wp-image-57170\" src=\"http:\/\/www.elsindical.com.ar\/notas\/var\/www\/html\/notas\/wp-content\/uploads\/2016\/02\/escrache-Hern\u00e1n-Lewin-2-300x169.jpg\" alt=\"escrache-Hern\u00e1n-Lewin-2\" width=\"300\" height=\"169\" srcset=\"https:\/\/www.elsindical.com.ar\/notas\/var\/www\/html\/notas\/wp-content\/uploads\/2016\/02\/escrache-Hern\u00e1n-Lewin-2-300x169.jpg 300w, https:\/\/www.elsindical.com.ar\/notas\/var\/www\/html\/notas\/wp-content\/uploads\/2016\/02\/escrache-Hern\u00e1n-Lewin-2-500x281.jpg 500w, https:\/\/www.elsindical.com.ar\/notas\/var\/www\/html\/notas\/wp-content\/uploads\/2016\/02\/escrache-Hern\u00e1n-Lewin-2.jpg 620w\" sizes=\"auto, (max-width: 300px) 100vw, 300px\" \/><\/a> <a href=\"http:\/\/www.elsindical.com.ar\/notas\/var\/www\/html\/notas\/wp-content\/uploads\/2016\/02\/escrache-Hern\u00e1n-Lewin-3.jpg\" rel=\"attachment wp-att-57169\"><img loading=\"lazy\" decoding=\"async\" class=\"alignnone size-medium wp-image-57169\" src=\"http:\/\/www.elsindical.com.ar\/notas\/var\/www\/html\/notas\/wp-content\/uploads\/2016\/02\/escrache-Hern\u00e1n-Lewin-3-222x300.jpg\" alt=\"escrache-Hern\u00e1n-Lewin-3\" width=\"222\" height=\"300\" srcset=\"https:\/\/www.elsindical.com.ar\/notas\/var\/www\/html\/notas\/wp-content\/uploads\/2016\/02\/escrache-Hern\u00e1n-Lewin-3-222x300.jpg 222w, https:\/\/www.elsindical.com.ar\/notas\/var\/www\/html\/notas\/wp-content\/uploads\/2016\/02\/escrache-Hern\u00e1n-Lewin-3.jpg 531w\" sizes=\"auto, (max-width: 222px) 100vw, 222px\" \/><\/a><\/p>\n","protected":false},"excerpt":{"rendered":"<p>\u00a0 Hern\u00e1n Lewin difundi\u00f3 las im\u00e1genes tomadas con el aparato que le sacaron en un violento robo. \u00abDigan Whisky!!! As\u00ed estamos!!! Argentina 2016!!!\u00bb, dijo. Hern\u00e1n Lewin, el presidente de Temperley, escrach\u00f3 a los ladrones de su tel\u00e9fono iPhone, al publicar en su Facebook las fotos tomadas con el aparato robado hace dos semanas. El dirigente&hellip;<\/p>\n","protected":false},"author":1,"featured_media":0,"comment_status":"open","ping_status":"open","sticky":false,"template":"","format":"standard","meta":{"footnotes":""},"categories":[25],"tags":[16361,1333,6272,1430],"class_list":["post-57168","post","type-post","status-publish","format-standard","hentry","category-sociedad","tag-hernan-lewin","tag-ladrones","tag-remedios-de-escalada","tag-temperley"],"_links":{"self":[{"href":"https:\/\/www.elsindical.com.ar\/notas\/wp-json\/wp\/v2\/posts\/57168","targetHints":{"allow":["GET"]}}],"collection":[{"href":"https:\/\/www.elsindical.com.ar\/notas\/wp-json\/wp\/v2\/posts"}],"about":[{"href":"https:\/\/www.elsindical.com.ar\/notas\/wp-json\/wp\/v2\/types\/post"}],"author":[{"embeddable":true,"href":"https:\/\/www.elsindical.com.ar\/notas\/wp-json\/wp\/v2\/users\/1"}],"replies":[{"embeddable":true,"href":"https:\/\/www.elsindical.com.ar\/notas\/wp-json\/wp\/v2\/comments?post=57168"}],"version-history":[{"count":1,"href":"https:\/\/www.elsindical.com.ar\/notas\/wp-json\/wp\/v2\/posts\/57168\/revisions"}],"predecessor-version":[{"id":57173,"href":"https:\/\/www.elsindical.com.ar\/notas\/wp-json\/wp\/v2\/posts\/57168\/revisions\/57173"}],"wp:attachment":[{"href":"https:\/\/www.elsindical.com.ar\/notas\/wp-json\/wp\/v2\/media?parent=57168"}],"wp:term":[{"taxonomy":"category","embeddable":true,"href":"https:\/\/www.elsindical.com.ar\/notas\/wp-json\/wp\/v2\/categories?post=57168"},{"taxonomy":"post_tag","embeddable":true,"href":"https:\/\/www.elsindical.com.ar\/notas\/wp-json\/wp\/v2\/tags?post=57168"}],"curies":[{"name":"wp","href":"https:\/\/api.w.org\/{rel}","templated":true}]}}