{"id":57150,"date":"2016-02-10T03:36:23","date_gmt":"2016-02-10T06:36:23","guid":{"rendered":"http:\/\/www.elsindical.com.ar\/notas\/?p=57150"},"modified":"2016-02-10T03:36:23","modified_gmt":"2016-02-10T06:36:23","slug":"dos-detenidos-por-intentar-robar-a-pasaje-y-chofer-de-colectivo-de-la-linea-295","status":"publish","type":"post","link":"https:\/\/www.elsindical.com.ar\/notas\/dos-detenidos-por-intentar-robar-a-pasaje-y-chofer-de-colectivo-de-la-linea-295\/","title":{"rendered":"Dos detenidos por intentar robar a pasaje y chofer de colectivo de la l\u00ednea 295"},"content":{"rendered":"<p><a href=\"http:\/\/distritalavellaneda.com.ar\/wp-content\/uploads\/2016\/02\/colectivo-295.jpg\" rel=\"attachment wp-att-5624\"><img loading=\"lazy\" decoding=\"async\" class=\"alignnone size-medium wp-image-5624\" src=\"http:\/\/distritalavellaneda.com.ar\/wp-content\/uploads\/2016\/02\/colectivo-295-300x266.jpg\" alt=\"colectivo-295\" width=\"300\" height=\"266\" \/><\/a>Siendo las 23:30 hs aproximadamente del d\u00eda 9 de febrero, m\u00f3vil de zona 1 orden 42415, a cargo de la Sargento Motillo Daniela y Op Claros Jos\u00e9, en circunstancias que recorr\u00edan zona al llegar a la calle Arredondo entre Matanza y Boulevar de Los Italianos, son alertados por el conductor de micro de l\u00ednea 295 quien les refiere que instantes antes dos sujetos con un arma blanca, intentaron cometer il\u00edcito a los pasajeros del colectivo y al conductor mismo.<\/p>\n<p>As\u00ed las cosas los uniformados inician un rastrillaje con las caracter\u00edsticas aportadas, hasta llegar a la calle La Fuente y B. de Los Italianos, donde divisan a los sindicados e inician persecuci\u00f3n de los mismos hasta llegar al domicilio de la calle Boulevar de Los Italianos 1150, donde los perseguidos ingresan, y luego comienzan a saltar por los techos, hasta llegar a un bald\u00edo donde m\u00f3vil de zona 13 los divisa y logra reducirlos.<\/p>\n<p>Posteriormente se los identifica como se menciona m\u00e1s arriba y traslada a sede policial.<\/p>\n<p>En cuanto a las v\u00edctimas se trata de lograr su comparendo a sede policial dado que al momento de iniciar el rastrillaje los m\u00f3viles, el chofer se retiro del lugar.<\/p>\n<p>Mantenida consulta con Fiscal de Intervenci\u00f3n dispuso car\u00e1tula Tentativa de Robo Calificado por el uso de arma blanca y nueva consulta al ser localizada alguna de las v\u00edctimas.<\/p>\n<p>V\u00cdCTIMA:<\/p>\n<p>CHOFER Y PASAJEROS L\u00cdNEA 295.<br \/>\nIMPUTADOS:<\/p>\n<p>MARCELO FABI\u00c1N GALVAN, Argentino, de 41 a\u00f1os, desocupado, ddo. Boulevar de los Italianos nro. 1150 de Wilde.<br \/>\nMARCELO FABI\u00c1N GALVAN, Argentino, 18 a\u00f1os, desocupado, iden domicilio anterior.<\/p>\n<p>&nbsp;<\/p>\n<p><strong>Fuente: <a href=\"http:\/\/coordinacionpoliciaavellaneda.blogspot.com.ar\/\">Coordinaci\u00f3n Polic\u00eda Avellaneda<\/a><\/strong><\/p>\n","protected":false},"excerpt":{"rendered":"<p>Siendo las 23:30 hs aproximadamente del d\u00eda 9 de febrero, m\u00f3vil de zona 1 orden 42415, a cargo de la Sargento Motillo Daniela y Op Claros Jos\u00e9, en circunstancias que recorr\u00edan zona al llegar a la calle Arredondo entre Matanza y Boulevar de Los Italianos, son alertados por el conductor de micro de l\u00ednea 295&hellip;<\/p>\n","protected":false},"author":1,"featured_media":0,"comment_status":"open","ping_status":"open","sticky":false,"template":"","format":"standard","meta":{"footnotes":""},"categories":[22],"tags":[21015,22301,22300,16759,22919],"class_list":["post-57150","post","type-post","status-publish","format-standard","hentry","category-policiales","tag-c-p-c","tag-comisario-mayor-javier-carlos-villar","tag-coordinacion-de-policia-avellaneda","tag-linea-295","tag-robo-calificado-por-el-uso-de-arma-blanca"],"_links":{"self":[{"href":"https:\/\/www.elsindical.com.ar\/notas\/wp-json\/wp\/v2\/posts\/57150","targetHints":{"allow":["GET"]}}],"collection":[{"href":"https:\/\/www.elsindical.com.ar\/notas\/wp-json\/wp\/v2\/posts"}],"about":[{"href":"https:\/\/www.elsindical.com.ar\/notas\/wp-json\/wp\/v2\/types\/post"}],"author":[{"embeddable":true,"href":"https:\/\/www.elsindical.com.ar\/notas\/wp-json\/wp\/v2\/users\/1"}],"replies":[{"embeddable":true,"href":"https:\/\/www.elsindical.com.ar\/notas\/wp-json\/wp\/v2\/comments?post=57150"}],"version-history":[{"count":1,"href":"https:\/\/www.elsindical.com.ar\/notas\/wp-json\/wp\/v2\/posts\/57150\/revisions"}],"predecessor-version":[{"id":57151,"href":"https:\/\/www.elsindical.com.ar\/notas\/wp-json\/wp\/v2\/posts\/57150\/revisions\/57151"}],"wp:attachment":[{"href":"https:\/\/www.elsindical.com.ar\/notas\/wp-json\/wp\/v2\/media?parent=57150"}],"wp:term":[{"taxonomy":"category","embeddable":true,"href":"https:\/\/www.elsindical.com.ar\/notas\/wp-json\/wp\/v2\/categories?post=57150"},{"taxonomy":"post_tag","embeddable":true,"href":"https:\/\/www.elsindical.com.ar\/notas\/wp-json\/wp\/v2\/tags?post=57150"}],"curies":[{"name":"wp","href":"https:\/\/api.w.org\/{rel}","templated":true}]}}