{"id":57106,"date":"2016-02-08T01:04:19","date_gmt":"2016-02-08T04:04:19","guid":{"rendered":"http:\/\/www.elsindical.com.ar\/notas\/?p=57106"},"modified":"2016-02-08T01:04:19","modified_gmt":"2016-02-08T04:04:19","slug":"pilar-mujer-policia-entrego-a-su-hermano-violador","status":"publish","type":"post","link":"https:\/\/www.elsindical.com.ar\/notas\/pilar-mujer-policia-entrego-a-su-hermano-violador\/","title":{"rendered":"Pilar: Mujer polic\u00eda entreg\u00f3 a su hermano violador"},"content":{"rendered":"<p><a href=\"http:\/\/www.elsindical.com.ar\/notas\/var\/www\/html\/notas\/wp-content\/uploads\/2016\/02\/esposado-espalda.jpg\" rel=\"attachment wp-att-57107\"><img loading=\"lazy\" decoding=\"async\" class=\"alignnone size-medium wp-image-57107\" src=\"http:\/\/www.elsindical.com.ar\/notas\/var\/www\/html\/notas\/wp-content\/uploads\/2016\/02\/esposado-espalda-300x204.jpg\" alt=\"esposado-espalda\" width=\"300\" height=\"204\" srcset=\"https:\/\/www.elsindical.com.ar\/notas\/var\/www\/html\/notas\/wp-content\/uploads\/2016\/02\/esposado-espalda-300x204.jpg 300w, https:\/\/www.elsindical.com.ar\/notas\/var\/www\/html\/notas\/wp-content\/uploads\/2016\/02\/esposado-espalda-442x300.jpg 442w, https:\/\/www.elsindical.com.ar\/notas\/var\/www\/html\/notas\/wp-content\/uploads\/2016\/02\/esposado-espalda.jpg 443w\" sizes=\"auto, (max-width: 300px) 100vw, 300px\" \/><\/a>\u00a0 <em>El depravado hab\u00eda abusado a la peque\u00f1a hija de la funcionaria, de 4 a\u00f1os. La v\u00edctima se hallaba al cuidado del sujeto, que la somet\u00eda en forma anal y vaginal. Destacaron la acci\u00f3n de la denunciante.<\/em><\/p>\n<p>En un dram\u00e1tico suceso, una mujer polic\u00eda entreg\u00f3 detenido a su hermano, luego de que el individuo violara a su hija de 4 a\u00f1os. El caso se registr\u00f3 en la localidad bonaerense de Villa Rosa, en el partido de Pilar. La inocente peque\u00f1a se hallaba al cuidado del salvaje depravado, quien la somet\u00eda anal y vaginalmente.<\/p>\n<p>Los voceros revelaron que el hecho se descubri\u00f3 cuando la mujer, que se desempe\u00f1a en la Polic\u00eda Local del citado distrito, concurri\u00f3 a la comisar\u00eda de Villa Rosa (6\u00aa de Pilar), junto a la ni\u00f1a y su hermano de 19 a\u00f1os, llamado <strong>Samuel<\/strong>.<\/p>\n<p>Dentro de la seccional, la funcionaria les dijo a sus colegas que sospechaba que el joven abusaba sexualmente de la criatura y que, por dicho motivo, hab\u00eda llevado al sujeto hasta esa dependencia policial, con el objetivo de que se investigara la preocupante situaci\u00f3n.<\/p>\n<p>A ra\u00edz de la denuncia, los pesquisas le realizaron a la nena una serie de pericias, oportunidad en la que descubrieron que la criatura presentaba evidentes signos de haber sido violada tanto anal como vaginalmente.<\/p>\n<p>Seg\u00fan manifestaron los informantes, el muchacho cuidaba a la infortunada v\u00edctima mientras su progenitora desarrollaba sus tareas como funcionaria en la Polic\u00eda Local.<\/p>\n<p>El depravado aprovechaba la circunstancia para satisfacer sus bajos instintos, ya que abusaba de la peque\u00f1a, en el interior de la humilde finca en la que resid\u00eda la familia, situada en Ibarra al 1.300, en Villa Rosa, en la zona norte del conurbano provincial.<\/p>\n<p>De inmediato, los servidores p\u00fablicos apresaron al malviviente. Versiones sostienen que la denunciante habr\u00eda advertido lo que ocurr\u00eda en la vivienda, en su ausencia, debido a distintas frases que habr\u00eda se\u00f1alado la nenita. Ahora, los investigadores procuran averiguar si el muchacho viol\u00f3 a otras chicas en mencionado vecindario.<\/p>\n<p><strong>Destacan su acci\u00f3n <\/strong><\/p>\n<p>Las autoridades no dudaron en destacar la acci\u00f3n de la mujer, quien, a pesar de tener la chance de encubrir las aberraciones consumadas por su hermano, resolvi\u00f3 entregarlo ante los funcionarios judiciales para que se investiguen sus repugnantes actividades.<\/p>\n<p>Trascendi\u00f3 que, en las pr\u00f3ximas horas, la hija de la polic\u00eda ser\u00eda sometida a otros estudios periciales, como por ejemplo la C\u00e1mara de Gesell. Esta famosa metodolog\u00eda se utiliza para observar la conducta en ni\u00f1os, sin que el menor reciba perturbaciones o que tenga a pocos metros la presencia de personas que provoquen alteraciones en sus testimonios.<\/p>\n<p>Intervino en la causa el doctor <strong>Eduardo Gabriel Rodr\u00edguez<\/strong>, fiscal en turno de Pilar, dependiente del departamento judicial de San Isidro. El expediente le ser\u00e1 remitido a la doctora <strong>Carolina Carballido Calatayud<\/strong>, fiscal de la Unidad Funcional de Instrucci\u00f3n de Delitos Conexos a la Violencia de G\u00e9nero de Pilar.<\/p>\n","protected":false},"excerpt":{"rendered":"<p>\u00a0 El depravado hab\u00eda abusado a la peque\u00f1a hija de la funcionaria, de 4 a\u00f1os. La v\u00edctima se hallaba al cuidado del sujeto, que la somet\u00eda en forma anal y vaginal. Destacaron la acci\u00f3n de la denunciante. En un dram\u00e1tico suceso, una mujer polic\u00eda entreg\u00f3 detenido a su hermano, luego de que el individuo violara&hellip;<\/p>\n","protected":false},"author":1,"featured_media":0,"comment_status":"open","ping_status":"open","sticky":false,"template":"","format":"standard","meta":{"footnotes":""},"categories":[22],"tags":[4109,1411,21009,22902,4177,539],"class_list":["post-57106","post","type-post","status-publish","format-standard","hentry","category-policiales","tag-nina","tag-pilar","tag-policia-local","tag-samuel","tag-villa-rosa","tag-violador"],"_links":{"self":[{"href":"https:\/\/www.elsindical.com.ar\/notas\/wp-json\/wp\/v2\/posts\/57106","targetHints":{"allow":["GET"]}}],"collection":[{"href":"https:\/\/www.elsindical.com.ar\/notas\/wp-json\/wp\/v2\/posts"}],"about":[{"href":"https:\/\/www.elsindical.com.ar\/notas\/wp-json\/wp\/v2\/types\/post"}],"author":[{"embeddable":true,"href":"https:\/\/www.elsindical.com.ar\/notas\/wp-json\/wp\/v2\/users\/1"}],"replies":[{"embeddable":true,"href":"https:\/\/www.elsindical.com.ar\/notas\/wp-json\/wp\/v2\/comments?post=57106"}],"version-history":[{"count":1,"href":"https:\/\/www.elsindical.com.ar\/notas\/wp-json\/wp\/v2\/posts\/57106\/revisions"}],"predecessor-version":[{"id":57108,"href":"https:\/\/www.elsindical.com.ar\/notas\/wp-json\/wp\/v2\/posts\/57106\/revisions\/57108"}],"wp:attachment":[{"href":"https:\/\/www.elsindical.com.ar\/notas\/wp-json\/wp\/v2\/media?parent=57106"}],"wp:term":[{"taxonomy":"category","embeddable":true,"href":"https:\/\/www.elsindical.com.ar\/notas\/wp-json\/wp\/v2\/categories?post=57106"},{"taxonomy":"post_tag","embeddable":true,"href":"https:\/\/www.elsindical.com.ar\/notas\/wp-json\/wp\/v2\/tags?post=57106"}],"curies":[{"name":"wp","href":"https:\/\/api.w.org\/{rel}","templated":true}]}}