{"id":56980,"date":"2016-02-03T19:57:40","date_gmt":"2016-02-03T22:57:40","guid":{"rendered":"http:\/\/www.elsindical.com.ar\/notas\/?p=56980"},"modified":"2016-02-03T19:57:40","modified_gmt":"2016-02-03T22:57:40","slug":"palermo-abusaron-de-cinthia-fernandez-en-la-via-publica","status":"publish","type":"post","link":"https:\/\/www.elsindical.com.ar\/notas\/palermo-abusaron-de-cinthia-fernandez-en-la-via-publica\/","title":{"rendered":"Palermo: Abusaron de Cinthia Fern\u00e1ndez en la v\u00eda p\u00fablica"},"content":{"rendered":"<p><em><a href=\"http:\/\/www.elsindical.com.ar\/notas\/var\/www\/html\/notas\/wp-content\/uploads\/2016\/02\/Cinthia-Fern\u00e1ndez-malla.jpg\" rel=\"attachment wp-att-56981\"><img loading=\"lazy\" decoding=\"async\" class=\"alignnone size-medium wp-image-56981\" src=\"http:\/\/www.elsindical.com.ar\/notas\/var\/www\/html\/notas\/wp-content\/uploads\/2016\/02\/Cinthia-Fern\u00e1ndez-malla-225x300.jpg\" alt=\"Cinthia-Fern\u00e1ndez-malla\" width=\"225\" height=\"300\" srcset=\"https:\/\/www.elsindical.com.ar\/notas\/var\/www\/html\/notas\/wp-content\/uploads\/2016\/02\/Cinthia-Fern\u00e1ndez-malla-225x300.jpg 225w, https:\/\/www.elsindical.com.ar\/notas\/var\/www\/html\/notas\/wp-content\/uploads\/2016\/02\/Cinthia-Fern\u00e1ndez-malla.jpg 620w\" sizes=\"auto, (max-width: 225px) 100vw, 225px\" \/><\/a>\u00a0 Un hombre con los pantalones bajos la abord\u00f3 en la v\u00eda p\u00fablica cuando estaba por subirse a su auto y la manose\u00f3. Fue detenido.\u00a0\u00a0\u00a0\u00a0\u00a0\u00a0\u00a0\u00a0\u00a0\u00a0\u00a0\u00a0<\/em><\/p>\n<p>La vedette Cinthia Fern\u00e1ndez fue v\u00edctima hoy de un abuso sexual en plena v\u00eda p\u00fablica cuando la sorprendi\u00f3 un hombre, con los pantalones bajos, que la abord\u00f3 y alcanz\u00f3 a manosear, en momentos en que ella estaba por subir a su auto en el barrio porte\u00f1o de Palermo.<\/p>\n<p>El hecho ocurri\u00f3 este mediod\u00eda en Jose A. Cabrera y \u00c1ngel Carranza.<\/p>\n<p>El hombre, de 40 a\u00f1os, fue detenido acusado del delito de \u00ababuso deshonesto\u00bb.<\/p>\n","protected":false},"excerpt":{"rendered":"<p>\u00a0 Un hombre con los pantalones bajos la abord\u00f3 en la v\u00eda p\u00fablica cuando estaba por subirse a su auto y la manose\u00f3. Fue detenido.\u00a0\u00a0\u00a0\u00a0\u00a0\u00a0\u00a0\u00a0\u00a0\u00a0\u00a0\u00a0 La vedette Cinthia Fern\u00e1ndez fue v\u00edctima hoy de un abuso sexual en plena v\u00eda p\u00fablica cuando la sorprendi\u00f3 un hombre, con los pantalones bajos, que la abord\u00f3 y alcanz\u00f3 a&hellip;<\/p>\n","protected":false},"author":1,"featured_media":0,"comment_status":"open","ping_status":"open","sticky":false,"template":"","format":"standard","meta":{"footnotes":""},"categories":[22],"tags":[783,8320,91,1337,3122],"class_list":["post-56980","post","type-post","status-publish","format-standard","hentry","category-policiales","tag-abuso-sexual","tag-cinthia-fernandez","tag-detenido","tag-palermo","tag-vedette"],"_links":{"self":[{"href":"https:\/\/www.elsindical.com.ar\/notas\/wp-json\/wp\/v2\/posts\/56980","targetHints":{"allow":["GET"]}}],"collection":[{"href":"https:\/\/www.elsindical.com.ar\/notas\/wp-json\/wp\/v2\/posts"}],"about":[{"href":"https:\/\/www.elsindical.com.ar\/notas\/wp-json\/wp\/v2\/types\/post"}],"author":[{"embeddable":true,"href":"https:\/\/www.elsindical.com.ar\/notas\/wp-json\/wp\/v2\/users\/1"}],"replies":[{"embeddable":true,"href":"https:\/\/www.elsindical.com.ar\/notas\/wp-json\/wp\/v2\/comments?post=56980"}],"version-history":[{"count":1,"href":"https:\/\/www.elsindical.com.ar\/notas\/wp-json\/wp\/v2\/posts\/56980\/revisions"}],"predecessor-version":[{"id":56982,"href":"https:\/\/www.elsindical.com.ar\/notas\/wp-json\/wp\/v2\/posts\/56980\/revisions\/56982"}],"wp:attachment":[{"href":"https:\/\/www.elsindical.com.ar\/notas\/wp-json\/wp\/v2\/media?parent=56980"}],"wp:term":[{"taxonomy":"category","embeddable":true,"href":"https:\/\/www.elsindical.com.ar\/notas\/wp-json\/wp\/v2\/categories?post=56980"},{"taxonomy":"post_tag","embeddable":true,"href":"https:\/\/www.elsindical.com.ar\/notas\/wp-json\/wp\/v2\/tags?post=56980"}],"curies":[{"name":"wp","href":"https:\/\/api.w.org\/{rel}","templated":true}]}}