{"id":56861,"date":"2016-01-30T01:59:05","date_gmt":"2016-01-30T04:59:05","guid":{"rendered":"http:\/\/www.elsindical.com.ar\/notas\/?p=56861"},"modified":"2016-01-30T01:59:05","modified_gmt":"2016-01-30T04:59:05","slug":"walmart-alimentos-en-mal-estado","status":"publish","type":"post","link":"https:\/\/www.elsindical.com.ar\/notas\/walmart-alimentos-en-mal-estado\/","title":{"rendered":"WalMart, alimentos en mal estado"},"content":{"rendered":"<p><a href=\"http:\/\/www.elsindical.com.ar\/notas\/var\/www\/html\/notas\/wp-content\/uploads\/2016\/01\/seguridad-del-producto-Walm.jpg\" rel=\"attachment wp-att-56864\"><img loading=\"lazy\" decoding=\"async\" class=\"alignnone size-medium wp-image-56864\" src=\"http:\/\/www.elsindical.com.ar\/notas\/var\/www\/html\/notas\/wp-content\/uploads\/2016\/01\/seguridad-del-producto-Walm-300x188.jpg\" alt=\"seguridad-del-producto-Walm\" width=\"300\" height=\"188\" srcset=\"https:\/\/www.elsindical.com.ar\/notas\/var\/www\/html\/notas\/wp-content\/uploads\/2016\/01\/seguridad-del-producto-Walm-300x188.jpg 300w, https:\/\/www.elsindical.com.ar\/notas\/var\/www\/html\/notas\/wp-content\/uploads\/2016\/01\/seguridad-del-producto-Walm-479x300.jpg 479w, https:\/\/www.elsindical.com.ar\/notas\/var\/www\/html\/notas\/wp-content\/uploads\/2016\/01\/seguridad-del-producto-Walm.jpg 738w\" sizes=\"auto, (max-width: 300px) 100vw, 300px\" \/><\/a> La sucursal de WalMart ubicada en el predio del ex Auchan en el partido de Avellaneda, en la localidad de Sarand\u00ed, guardaba una desagradable sorpresa, en el sector de panader\u00eda.<\/p>\n<p>Entre todos los productos, se destacaban por su presentaci\u00f3n varios \u00abpanes madrile\u00f1os\u00bb, tentado con la posibilidad de degustar uno y probar su elaboraci\u00f3n, me acerqu\u00e9 a la g\u00f3ndola donde se apilaban los mismos y grande fue mi sorpresa cuando observ\u00e9 a varios presentar hongos en su parte superior, lo que evidencia la falta de controles propios y del municipio, adem\u00e1s de constituir un riesgo a la salud del consumidor.<\/p>\n<p>Ante el pedido del libro de quejas y la presencia del gerente, solo cumplen con el uso del libro de quejas y en lugar del gerente se hace presente el responsable del \u00e1rea de panader\u00eda, el cual se excusa con que por la ma\u00f1ana la chica de control de calidad pas\u00f3 y no hizo ninguna observaci\u00f3n.<\/p>\n<p>Existen innumerables casos donde personas que se alimentaron con crema pastelera en mal estado, terminaron con fuertes estados de diarrea e intoxicaci\u00f3n por salmenolosis.<\/p>\n<p><a href=\"http:\/\/www.elsindical.com.ar\/notas\/var\/www\/html\/notas\/wp-content\/uploads\/2016\/01\/pan-madrile\u00f1o-01.jpg\" rel=\"attachment wp-att-56863\"><img loading=\"lazy\" decoding=\"async\" class=\"alignnone size-medium wp-image-56863\" src=\"http:\/\/www.elsindical.com.ar\/notas\/var\/www\/html\/notas\/wp-content\/uploads\/2016\/01\/pan-madrile\u00f1o-01-300x225.jpg\" alt=\"pan-madrile\u00f1o-01\" width=\"300\" height=\"225\" srcset=\"https:\/\/www.elsindical.com.ar\/notas\/var\/www\/html\/notas\/wp-content\/uploads\/2016\/01\/pan-madrile\u00f1o-01-300x225.jpg 300w, https:\/\/www.elsindical.com.ar\/notas\/var\/www\/html\/notas\/wp-content\/uploads\/2016\/01\/pan-madrile\u00f1o-01-400x300.jpg 400w, https:\/\/www.elsindical.com.ar\/notas\/var\/www\/html\/notas\/wp-content\/uploads\/2016\/01\/pan-madrile\u00f1o-01.jpg 738w\" sizes=\"auto, (max-width: 300px) 100vw, 300px\" \/><\/a> <a href=\"http:\/\/www.elsindical.com.ar\/notas\/var\/www\/html\/notas\/wp-content\/uploads\/2016\/01\/pan-madrile\u00f1o-2.jpg\" rel=\"attachment wp-att-56862\"><img loading=\"lazy\" decoding=\"async\" class=\"alignnone size-medium wp-image-56862\" src=\"http:\/\/www.elsindical.com.ar\/notas\/var\/www\/html\/notas\/wp-content\/uploads\/2016\/01\/pan-madrile\u00f1o-2-278x300.jpg\" alt=\"pan-madrile\u00f1o-2\" width=\"278\" height=\"300\" srcset=\"https:\/\/www.elsindical.com.ar\/notas\/var\/www\/html\/notas\/wp-content\/uploads\/2016\/01\/pan-madrile\u00f1o-2-278x300.jpg 278w, https:\/\/www.elsindical.com.ar\/notas\/var\/www\/html\/notas\/wp-content\/uploads\/2016\/01\/pan-madrile\u00f1o-2.jpg 738w\" sizes=\"auto, (max-width: 278px) 100vw, 278px\" \/><\/a><\/p>\n<p>&nbsp;<\/p>\n<p><em><strong>Por Marcelo Ricardo Hawrylciw<\/strong><\/em><\/p>\n<p><a href=\"http:\/\/www.elsindical.com.ar\/notas\/var\/www\/html\/notas\/wp-content\/uploads\/2016\/01\/seguridad-del-producto-Walm.jpg\" rel=\"attachment wp-att-56864\">\u00a0<\/a><\/p>\n","protected":false},"excerpt":{"rendered":"<p>La sucursal de WalMart ubicada en el predio del ex Auchan en el partido de Avellaneda, en la localidad de Sarand\u00ed, guardaba una desagradable sorpresa, en el sector de panader\u00eda. Entre todos los productos, se destacaban por su presentaci\u00f3n varios \u00abpanes madrile\u00f1os\u00bb, tentado con la posibilidad de degustar uno y probar su elaboraci\u00f3n, me acerqu\u00e9&hellip;<\/p>\n","protected":false},"author":1,"featured_media":0,"comment_status":"open","ping_status":"open","sticky":false,"template":"","format":"standard","meta":{"footnotes":""},"categories":[6],"tags":[461,175,22834,22833,3987,6114,512,2330,8096],"class_list":["post-56861","post","type-post","status-publish","format-standard","hentry","category-denuncias","tag-avellaneda","tag-denuncia","tag-hongos","tag-pan-madrileno","tag-panaderia","tag-productos","tag-reclamo","tag-sarandi","tag-walmart"],"_links":{"self":[{"href":"https:\/\/www.elsindical.com.ar\/notas\/wp-json\/wp\/v2\/posts\/56861","targetHints":{"allow":["GET"]}}],"collection":[{"href":"https:\/\/www.elsindical.com.ar\/notas\/wp-json\/wp\/v2\/posts"}],"about":[{"href":"https:\/\/www.elsindical.com.ar\/notas\/wp-json\/wp\/v2\/types\/post"}],"author":[{"embeddable":true,"href":"https:\/\/www.elsindical.com.ar\/notas\/wp-json\/wp\/v2\/users\/1"}],"replies":[{"embeddable":true,"href":"https:\/\/www.elsindical.com.ar\/notas\/wp-json\/wp\/v2\/comments?post=56861"}],"version-history":[{"count":2,"href":"https:\/\/www.elsindical.com.ar\/notas\/wp-json\/wp\/v2\/posts\/56861\/revisions"}],"predecessor-version":[{"id":56866,"href":"https:\/\/www.elsindical.com.ar\/notas\/wp-json\/wp\/v2\/posts\/56861\/revisions\/56866"}],"wp:attachment":[{"href":"https:\/\/www.elsindical.com.ar\/notas\/wp-json\/wp\/v2\/media?parent=56861"}],"wp:term":[{"taxonomy":"category","embeddable":true,"href":"https:\/\/www.elsindical.com.ar\/notas\/wp-json\/wp\/v2\/categories?post=56861"},{"taxonomy":"post_tag","embeddable":true,"href":"https:\/\/www.elsindical.com.ar\/notas\/wp-json\/wp\/v2\/tags?post=56861"}],"curies":[{"name":"wp","href":"https:\/\/api.w.org\/{rel}","templated":true}]}}