{"id":5684,"date":"2010-04-20T03:18:27","date_gmt":"2010-04-20T06:18:27","guid":{"rendered":"http:\/\/www.elsindical.com.ar\/notas\/?p=5684"},"modified":"2010-04-20T03:18:27","modified_gmt":"2010-04-20T06:18:27","slug":"detienen-en-el-ministerio-de-economia-a-un-asesor-del-congreso","status":"publish","type":"post","link":"https:\/\/www.elsindical.com.ar\/notas\/detienen-en-el-ministerio-de-economia-a-un-asesor-del-congreso\/","title":{"rendered":"Detienen en el Ministerio de Econom\u00eda a un asesor del Congreso"},"content":{"rendered":"<p style=\"text-align: justify;\"><em><a href=\"http:\/\/www.elsindical.com.ar\/notas\/var\/www\/html\/notas\/wp-content\/uploads\/2010\/04\/Ministerio-de-econom\u00eda.jpg\"><img loading=\"lazy\" decoding=\"async\" class=\"alignleft size-full wp-image-5685\" title=\"Ministerio-de-econom\u00eda\" src=\"http:\/\/www.elsindical.com.ar\/notas\/var\/www\/html\/notas\/wp-content\/uploads\/2010\/04\/Ministerio-de-econom\u00eda.jpg\" alt=\"\" width=\"283\" height=\"170\" \/><\/a>Un empleado que trabaja como asesor econ\u00f3mico del senador del\u00a0ARI Jos\u00e9 Mart\u00ednez fue detenido, tras ser encontrado bajo un escritorio, con dos\u00a0linternas, una lupa, una corbata y una toalla.<\/em><\/p>\n<p style=\"text-align: justify;\">Un empleado del Senado fue descubierto y detenido cuando estaba escondido debajo de un escritorio en la oficina del subsecretario de Presupuesto del Ministerio de Econom\u00eda, con un portafolios que conten\u00eda linternas y una lupa.<strong> El juez federal Claudio Bonad\u00edo investiga el extra\u00f1o suceso que tuvo lugar en la noche del viernes pasado, cuando fue descubierto all\u00ed un hombre identificado como Roberto Larrosa.<\/p>\n<p>Larrosa es empleado del Senado de la Naci\u00f3n donde trabaja como asesor en materia econ\u00f3mica del legislador Jos\u00e9 Mart\u00ednez, del ARI de Tierra del Fuego, y tambi\u00e9n ser\u00eda colaborador \u00abad honorem\u00bb del diputado Claudio Lozano<\/strong>, confirmaron a <em>NA<\/em> fuentes cercanas al fueguino, quienes precisaron que el senador todav\u00eda no hab\u00eda podido tener acceso a la causa.<\/p>\n<p>Seg\u00fan las fuentes judiciales, Larrosa fue descubierto alrededor de las 19:30 del viernes pasado, luego de ingresar al Ministerio haci\u00e9ndose pasar como periodista, y con la excusa de que iba a visitar una dependencia ajena a la del subsecretario de Presupuesto Ra\u00fal Rigo.<\/p>\n<p>Pese a ello, las c\u00e1maras de seguridad dieron cuenta de que Larrosa tom\u00f3 por otro lado, en direcci\u00f3n al cuarto piso, donde funciona la Subsecretaria de Presupuesto, oficina a la que finalmente ingres\u00f3 sin forzar la puerta.<\/p>\n<p>Cuando la Polic\u00eda lleg\u00f3 a la oficina, Larrosa fue descubierto escondido debajo de un escritorio, y en su poder se encontr\u00f3 un portafolios, en cuyo interior hab\u00eda una lupa, una toalla, una corbata y dos linternas.<\/p>\n<p>Larrosa qued\u00f3 detenido por intervenci\u00f3n de la comisar\u00eda 2da, y al prestar declaraci\u00f3n indagatoria ante el juez Bonad\u00edo dijo que se \u00abconfundi\u00f3\u00bb de dependencia al ingresar a la del subsecretario.<\/p>\n<p>No obstante, fuentes de la investigaci\u00f3n desconf\u00edan de la versi\u00f3n del intruso, atento a la tenencia de las linternas y la lupa.Ahora, el juez deber\u00e1 analizar un pedido de excarcelaci\u00f3n solicitado por la defensa de Larrosa, en el marco del expediente caratulado como \u00aballanamiento de morada\u00bb, aunque no se descarta una posible \u00abtentativa de hurto\u00bb.<\/p>\n","protected":false},"excerpt":{"rendered":"<p>Un empleado que trabaja como asesor econ\u00f3mico del senador del\u00a0ARI Jos\u00e9 Mart\u00ednez fue detenido, tras ser encontrado bajo un escritorio, con dos\u00a0linternas, una lupa, una corbata y una toalla. Un empleado del Senado fue descubierto y detenido cuando estaba escondido debajo de un escritorio en la oficina del subsecretario de Presupuesto del Ministerio de Econom\u00eda,&hellip;<\/p>\n","protected":false},"author":1,"featured_media":0,"comment_status":"open","ping_status":"open","sticky":false,"template":"","format":"standard","meta":{"footnotes":""},"categories":[22],"tags":[3010,3007,3009,86,3012,3008,3006,3011,2229],"class_list":["post-5684","post","type-post","status-publish","format-standard","hentry","category-policiales","tag-ari","tag-asesor","tag-claudio-lozano","tag-congreso","tag-diputado","tag-jose-martinez","tag-ministerio-de-economia","tag-senador","tag-sur"],"_links":{"self":[{"href":"https:\/\/www.elsindical.com.ar\/notas\/wp-json\/wp\/v2\/posts\/5684","targetHints":{"allow":["GET"]}}],"collection":[{"href":"https:\/\/www.elsindical.com.ar\/notas\/wp-json\/wp\/v2\/posts"}],"about":[{"href":"https:\/\/www.elsindical.com.ar\/notas\/wp-json\/wp\/v2\/types\/post"}],"author":[{"embeddable":true,"href":"https:\/\/www.elsindical.com.ar\/notas\/wp-json\/wp\/v2\/users\/1"}],"replies":[{"embeddable":true,"href":"https:\/\/www.elsindical.com.ar\/notas\/wp-json\/wp\/v2\/comments?post=5684"}],"version-history":[{"count":2,"href":"https:\/\/www.elsindical.com.ar\/notas\/wp-json\/wp\/v2\/posts\/5684\/revisions"}],"predecessor-version":[{"id":5687,"href":"https:\/\/www.elsindical.com.ar\/notas\/wp-json\/wp\/v2\/posts\/5684\/revisions\/5687"}],"wp:attachment":[{"href":"https:\/\/www.elsindical.com.ar\/notas\/wp-json\/wp\/v2\/media?parent=5684"}],"wp:term":[{"taxonomy":"category","embeddable":true,"href":"https:\/\/www.elsindical.com.ar\/notas\/wp-json\/wp\/v2\/categories?post=5684"},{"taxonomy":"post_tag","embeddable":true,"href":"https:\/\/www.elsindical.com.ar\/notas\/wp-json\/wp\/v2\/tags?post=5684"}],"curies":[{"name":"wp","href":"https:\/\/api.w.org\/{rel}","templated":true}]}}