{"id":56828,"date":"2016-01-29T15:00:17","date_gmt":"2016-01-29T18:00:17","guid":{"rendered":"http:\/\/www.elsindical.com.ar\/notas\/?p=56828"},"modified":"2016-01-29T15:00:17","modified_gmt":"2016-01-29T18:00:17","slug":"juan-cruz-el-bombero-de-15-anos-que-revivio-a-la-beba-atropellada","status":"publish","type":"post","link":"https:\/\/www.elsindical.com.ar\/notas\/juan-cruz-el-bombero-de-15-anos-que-revivio-a-la-beba-atropellada\/","title":{"rendered":"Juan Cruz, el bombero de 15 a\u00f1os que revivi\u00f3 a la beba atropellada"},"content":{"rendered":"<p class=\"p1 newDetailTextChange\"><em><a href=\"http:\/\/www.elsindical.com.ar\/notas\/var\/www\/html\/notas\/wp-content\/uploads\/2016\/01\/Juan-Cruz-bombero.jpg\" rel=\"attachment wp-att-56829\"><img loading=\"lazy\" decoding=\"async\" class=\"alignnone size-medium wp-image-56829\" src=\"http:\/\/www.elsindical.com.ar\/notas\/var\/www\/html\/notas\/wp-content\/uploads\/2016\/01\/Juan-Cruz-bombero-300x204.jpg\" alt=\"Juan-Cruz-bombero\" width=\"300\" height=\"204\" srcset=\"https:\/\/www.elsindical.com.ar\/notas\/var\/www\/html\/notas\/wp-content\/uploads\/2016\/01\/Juan-Cruz-bombero-300x204.jpg 300w, https:\/\/www.elsindical.com.ar\/notas\/var\/www\/html\/notas\/wp-content\/uploads\/2016\/01\/Juan-Cruz-bombero-442x300.jpg 442w, https:\/\/www.elsindical.com.ar\/notas\/var\/www\/html\/notas\/wp-content\/uploads\/2016\/01\/Juan-Cruz-bombero.jpg 502w\" sizes=\"auto, (max-width: 300px) 100vw, 300px\" \/><\/a>\u00a0 El joven tom\u00f3 a la peque\u00f1a de 7 meses, que no respiraba, en brazos y le practic\u00f3 RCP. Si no fuera por \u00e9l, la beba estar\u00eda muerta. Escucha su emocionante testimonio ac\u00e1.<\/em><\/p>\n<p>Juan Cruz, un bombero voluntario de 15 a\u00f1os<b>, se convirti\u00f3 en h\u00e9roe este viernes<\/b>, al salvar la vida de M\u00eda, la beba que fue atropellada junto a su mam\u00e1 por un grupo de delincuentes que escapaba de la polic\u00eda.<\/p>\n<p>La beba hab\u00eda quedado inconsciente, como su mam\u00e1, y no respiraba.<b> Juan Cruz le practic\u00f3 primeros auxilios y la reanim\u00f3. <\/b><\/p>\n<p>\u00abVe\u00eda gente despu\u00e9s del choque y ninguno agarraba a M\u00eda. Fui corriendo y la agarr\u00e9 yo. Les ped\u00eda que me llevaran, la ten\u00eda muerta en los brazos a la nena, hasta que me llev\u00f3 la polic\u00eda. Si no la ayudaba estar\u00eda muerta\u00bb, cont\u00f3 el h\u00e9roe. <b>\u00abMe saqu\u00e9 la remera y la puse en la cabeza de la nena y le hice RCP. Estuve como tres minutos y luego se puso a llorar.<\/b> Despu\u00e9s se me larg\u00f3 el llanto a dos manos\u00bb, agreg\u00f3 el joven.<\/p>\n<p>La nena fue llevada al hospital Eva Per\u00f3n, donde milagrosamente se recupera apenas con un corte en la cara y una leve lesi\u00f3n en la cadera. <b>\u00abNo tengo palabras para decirle nada. Eso me sali\u00f3 en el momento. No pens\u00e9 en nada\u00bb<\/b>, dijo Juan Cruz.<\/p>\n<p>Juan Cruz cont\u00f3 que est\u00e1 juntando plata para hacerle un regalo a la beba, quien ma\u00f1ana ser\u00e1 dada de alta. Como si ya no le hubiera regalado suficiente&#8230;<\/p>\n","protected":false},"excerpt":{"rendered":"<p>\u00a0 El joven tom\u00f3 a la peque\u00f1a de 7 meses, que no respiraba, en brazos y le practic\u00f3 RCP. Si no fuera por \u00e9l, la beba estar\u00eda muerta. Escucha su emocionante testimonio ac\u00e1. Juan Cruz, un bombero voluntario de 15 a\u00f1os, se convirti\u00f3 en h\u00e9roe este viernes, al salvar la vida de M\u00eda, la beba&hellip;<\/p>\n","protected":false},"author":1,"featured_media":0,"comment_status":"open","ping_status":"open","sticky":false,"template":"","format":"standard","meta":{"footnotes":""},"categories":[25],"tags":[681,6346,22817,1676,30,18258],"class_list":["post-56828","post","type-post","status-publish","format-standard","hentry","category-sociedad","tag-beba","tag-bombero","tag-juan-cruz","tag-muerta","tag-policia","tag-rcp"],"_links":{"self":[{"href":"https:\/\/www.elsindical.com.ar\/notas\/wp-json\/wp\/v2\/posts\/56828","targetHints":{"allow":["GET"]}}],"collection":[{"href":"https:\/\/www.elsindical.com.ar\/notas\/wp-json\/wp\/v2\/posts"}],"about":[{"href":"https:\/\/www.elsindical.com.ar\/notas\/wp-json\/wp\/v2\/types\/post"}],"author":[{"embeddable":true,"href":"https:\/\/www.elsindical.com.ar\/notas\/wp-json\/wp\/v2\/users\/1"}],"replies":[{"embeddable":true,"href":"https:\/\/www.elsindical.com.ar\/notas\/wp-json\/wp\/v2\/comments?post=56828"}],"version-history":[{"count":1,"href":"https:\/\/www.elsindical.com.ar\/notas\/wp-json\/wp\/v2\/posts\/56828\/revisions"}],"predecessor-version":[{"id":56830,"href":"https:\/\/www.elsindical.com.ar\/notas\/wp-json\/wp\/v2\/posts\/56828\/revisions\/56830"}],"wp:attachment":[{"href":"https:\/\/www.elsindical.com.ar\/notas\/wp-json\/wp\/v2\/media?parent=56828"}],"wp:term":[{"taxonomy":"category","embeddable":true,"href":"https:\/\/www.elsindical.com.ar\/notas\/wp-json\/wp\/v2\/categories?post=56828"},{"taxonomy":"post_tag","embeddable":true,"href":"https:\/\/www.elsindical.com.ar\/notas\/wp-json\/wp\/v2\/tags?post=56828"}],"curies":[{"name":"wp","href":"https:\/\/api.w.org\/{rel}","templated":true}]}}