{"id":56727,"date":"2016-01-26T00:02:30","date_gmt":"2016-01-26T03:02:30","guid":{"rendered":"http:\/\/www.elsindical.com.ar\/notas\/?p=56727"},"modified":"2016-01-26T00:02:30","modified_gmt":"2016-01-26T03:02:30","slug":"villa-ballester-se-fue-de-su-casa-y-su-familia-esta-desesperada","status":"publish","type":"post","link":"https:\/\/www.elsindical.com.ar\/notas\/villa-ballester-se-fue-de-su-casa-y-su-familia-esta-desesperada\/","title":{"rendered":"Villa Ballester: Se fue de su casa y su familia est\u00e1 desesperada"},"content":{"rendered":"<p><a href=\"http:\/\/www.elsindical.com.ar\/notas\/var\/www\/html\/notas\/wp-content\/uploads\/2016\/01\/Micaela-desaparecida-de-Vil.jpg\" rel=\"attachment wp-att-56728\"><img loading=\"lazy\" decoding=\"async\" class=\"alignnone size-medium wp-image-56728\" src=\"http:\/\/www.elsindical.com.ar\/notas\/var\/www\/html\/notas\/wp-content\/uploads\/2016\/01\/Micaela-desaparecida-de-Vil-236x300.jpg\" alt=\"Micaela-desaparecida-de-Vil\" width=\"236\" height=\"300\" srcset=\"https:\/\/www.elsindical.com.ar\/notas\/var\/www\/html\/notas\/wp-content\/uploads\/2016\/01\/Micaela-desaparecida-de-Vil-236x300.jpg 236w, https:\/\/www.elsindical.com.ar\/notas\/var\/www\/html\/notas\/wp-content\/uploads\/2016\/01\/Micaela-desaparecida-de-Vil.jpg 531w\" sizes=\"auto, (max-width: 236px) 100vw, 236px\" \/><\/a>\u00a0 En la localidad bonaerense de Villa Ballester, una adolescente de 16 a\u00f1os que\u00a0supuestamente\u00a0se dirig\u00eda a la casa de\u00a0una amiga, nunca lleg\u00f3 a destino. Finalmente se supo que en realidad\u00a0se encontrar\u00eda\u00a0con un chico.\u00a0Su madre habl\u00f3 y asegur\u00f3 que <em>\u00abno sab\u00edamos de la existencia de \u00e9l. No contesta el celular, ojal\u00e1 que no est\u00e9 en peligro\u00bb<\/em>.<\/p>\n<p><strong>Micaela Mastrogiacomo<\/strong> tiene 16 a\u00f1os y puede estar en peligro.<\/p>\n<p>El domingo al mediod\u00eda\u00a0sali\u00f3 de su vivienda de la localidad bonaerense de Villa Ballester para ir, supuestamente, a la casa de una amiga, pero nunca lleg\u00f3 a ese destino y ahora su familia est\u00e1 desesperada.<\/p>\n<p><strong>Soledad Pereyra<\/strong>, madre de Micaela, se comunic\u00f3 por intermedio de la v\u00eda del WhatsApp y dio detalles del desconocimiento del paradero de Micaela:<em> \u00abElla se fue, me avis\u00f3 que lleg\u00f3 y que estaba por meterse en la pileta. A\u00a0eso de las 3 de la tarde le pregunt\u00e9 como estaba, me contest\u00f3 que bien, que estaba por ir a dar una vuelta. A eso de las 8 empec\u00e9 a llamarla porque no me hab\u00eda mandado ning\u00fan mensaje m\u00e1s y no me contest\u00f3. As\u00ed hasta la 1 de la madrugada que se apag\u00f3 el tel\u00e9fono. Ah\u00ed fui a la Polic\u00eda, despu\u00e9s a la casa de esta amiga pero nos dijo que ella no fue hasta all\u00e1. Que se iba a ver con un chico que se llama Iv\u00e1n Agust\u00edn, nosotros no sab\u00edamos de la existencia de \u00e9l. Esperemos que no le pase nada, estamos desesperados\u00bb,<\/em> narr\u00f3 la madre.<\/p>\n","protected":false},"excerpt":{"rendered":"<p>\u00a0 En la localidad bonaerense de Villa Ballester, una adolescente de 16 a\u00f1os que\u00a0supuestamente\u00a0se dirig\u00eda a la casa de\u00a0una amiga, nunca lleg\u00f3 a destino. Finalmente se supo que en realidad\u00a0se encontrar\u00eda\u00a0con un chico.\u00a0Su madre habl\u00f3 y asegur\u00f3 que \u00abno sab\u00edamos de la existencia de \u00e9l. No contesta el celular, ojal\u00e1 que no est\u00e9 en peligro\u00bb.&hellip;<\/p>\n","protected":false},"author":1,"featured_media":0,"comment_status":"open","ping_status":"open","sticky":false,"template":"","format":"standard","meta":{"footnotes":""},"categories":[26],"tags":[973,22780,9573],"class_list":["post-56727","post","type-post","status-publish","format-standard","hentry","category-solidaridad","tag-desaparecida","tag-micaela-mastrogiacomo","tag-villa-ballester"],"_links":{"self":[{"href":"https:\/\/www.elsindical.com.ar\/notas\/wp-json\/wp\/v2\/posts\/56727","targetHints":{"allow":["GET"]}}],"collection":[{"href":"https:\/\/www.elsindical.com.ar\/notas\/wp-json\/wp\/v2\/posts"}],"about":[{"href":"https:\/\/www.elsindical.com.ar\/notas\/wp-json\/wp\/v2\/types\/post"}],"author":[{"embeddable":true,"href":"https:\/\/www.elsindical.com.ar\/notas\/wp-json\/wp\/v2\/users\/1"}],"replies":[{"embeddable":true,"href":"https:\/\/www.elsindical.com.ar\/notas\/wp-json\/wp\/v2\/comments?post=56727"}],"version-history":[{"count":1,"href":"https:\/\/www.elsindical.com.ar\/notas\/wp-json\/wp\/v2\/posts\/56727\/revisions"}],"predecessor-version":[{"id":56729,"href":"https:\/\/www.elsindical.com.ar\/notas\/wp-json\/wp\/v2\/posts\/56727\/revisions\/56729"}],"wp:attachment":[{"href":"https:\/\/www.elsindical.com.ar\/notas\/wp-json\/wp\/v2\/media?parent=56727"}],"wp:term":[{"taxonomy":"category","embeddable":true,"href":"https:\/\/www.elsindical.com.ar\/notas\/wp-json\/wp\/v2\/categories?post=56727"},{"taxonomy":"post_tag","embeddable":true,"href":"https:\/\/www.elsindical.com.ar\/notas\/wp-json\/wp\/v2\/tags?post=56727"}],"curies":[{"name":"wp","href":"https:\/\/api.w.org\/{rel}","templated":true}]}}