{"id":56722,"date":"2016-01-25T22:38:01","date_gmt":"2016-01-26T01:38:01","guid":{"rendered":"http:\/\/www.elsindical.com.ar\/notas\/?p=56722"},"modified":"2016-01-25T22:38:01","modified_gmt":"2016-01-26T01:38:01","slug":"desvinculan-a-500-empleados-del-ministerio-de-justicia","status":"publish","type":"post","link":"https:\/\/www.elsindical.com.ar\/notas\/desvinculan-a-500-empleados-del-ministerio-de-justicia\/","title":{"rendered":"Desvinculan a 500 empleados del Ministerio de Justicia"},"content":{"rendered":"<p><em><a href=\"http:\/\/www.elsindical.com.ar\/notas\/var\/www\/html\/notas\/wp-content\/uploads\/2016\/01\/Ministerio-de-Justicia-de-l.jpg\" rel=\"attachment wp-att-56453\"><img loading=\"lazy\" decoding=\"async\" class=\"alignnone size-medium wp-image-56453\" src=\"http:\/\/www.elsindical.com.ar\/notas\/var\/www\/html\/notas\/wp-content\/uploads\/2016\/01\/Ministerio-de-Justicia-de-l-300x172.jpg\" alt=\"Ministerio-de-Justicia-de-l\" width=\"300\" height=\"172\" srcset=\"https:\/\/www.elsindical.com.ar\/notas\/var\/www\/html\/notas\/wp-content\/uploads\/2016\/01\/Ministerio-de-Justicia-de-l-300x172.jpg 300w, https:\/\/www.elsindical.com.ar\/notas\/var\/www\/html\/notas\/wp-content\/uploads\/2016\/01\/Ministerio-de-Justicia-de-l-500x287.jpg 500w, https:\/\/www.elsindical.com.ar\/notas\/var\/www\/html\/notas\/wp-content\/uploads\/2016\/01\/Ministerio-de-Justicia-de-l.jpg 531w\" sizes=\"auto, (max-width: 300px) 100vw, 300px\" \/><\/a>\u00a0 Fueron contratados a partir de julio de 2015 en la Secretar\u00eda de Derechos Humanos y otras \u00e1reas. Los gremios ATE y UPCN evaluan medidas de fuerza mientras piden una mesa de di\u00e1logo.<\/em><\/p>\n<p class=\"first-paragraph\">Tambi\u00e9n en el Ministerio de Justicia y Derechos Humanos hubo recortes y se confirm\u00f3 el despido de 500 empleados contratados de distintas \u00e1reas de la cartera conducida por Germ\u00e1n Garavano. Seg\u00fan explicaron desde el Ministerio, las personas que fueron desvinculadas son trabajadores cuyas contrataciones se decidieron a partir de julio de 2015 o que desde que asumi\u00f3 la nueva gesti\u00f3n no se presentaron a trabajar.<\/p>\n<p>La decisi\u00f3n del ministro gener\u00f3 reclamos de los delegados gremiales de ATE y UPCN que negocian la creaci\u00f3n de una mesa de di\u00e1logo para resolver la situaci\u00f3n. El descontento de los trabajadores se manifest\u00f3 hoy a trav\u00e9s de carteles pegados en el edificio de la calle Sarmiento en los que denuncian despidos en las \u00e1reas del Registro Nacional de Reincidencia y el programa Verdad y Justicia. Tambi\u00e9n hubo despidos en la secretaria de Derechos Humanos.<\/p>\n<p>Seg\u00fan aclararon fuentes oficiales, al asumir la gesti\u00f3n se orden\u00f3 una auditoria interna para conocer el estado del Ministerio y a partir de ese estudio se supo que exist\u00edan \u00abunos 500 casos de contratados que no ten\u00edan tareas espec\u00edficas y que hab\u00edan sido sumados obedeciendo a criterios pol\u00edticos\u00bb.<\/p>\n<p>Advirtieron, adem\u00e1s, que durante la gesti\u00f3n de Julio Alak, ex ministro de Justicia kirchnerista, y Juli\u00e1n \u00c1lvarez, el hombre de La C\u00e1mpora que manej\u00f3 el ministerio durante los \u00faltimos a\u00f1os, el n\u00famero de contratados pas\u00f3 de 3000 a 6000.<\/p>\n","protected":false},"excerpt":{"rendered":"<p>\u00a0 Fueron contratados a partir de julio de 2015 en la Secretar\u00eda de Derechos Humanos y otras \u00e1reas. Los gremios ATE y UPCN evaluan medidas de fuerza mientras piden una mesa de di\u00e1logo. Tambi\u00e9n en el Ministerio de Justicia y Derechos Humanos hubo recortes y se confirm\u00f3 el despido de 500 empleados contratados de distintas&hellip;<\/p>\n","protected":false},"author":1,"featured_media":0,"comment_status":"open","ping_status":"open","sticky":false,"template":"","format":"standard","meta":{"footnotes":""},"categories":[13],"tags":[22779,53],"class_list":["post-56722","post","type-post","status-publish","format-standard","hentry","category-politica","tag-atem-upcn","tag-despidos"],"_links":{"self":[{"href":"https:\/\/www.elsindical.com.ar\/notas\/wp-json\/wp\/v2\/posts\/56722","targetHints":{"allow":["GET"]}}],"collection":[{"href":"https:\/\/www.elsindical.com.ar\/notas\/wp-json\/wp\/v2\/posts"}],"about":[{"href":"https:\/\/www.elsindical.com.ar\/notas\/wp-json\/wp\/v2\/types\/post"}],"author":[{"embeddable":true,"href":"https:\/\/www.elsindical.com.ar\/notas\/wp-json\/wp\/v2\/users\/1"}],"replies":[{"embeddable":true,"href":"https:\/\/www.elsindical.com.ar\/notas\/wp-json\/wp\/v2\/comments?post=56722"}],"version-history":[{"count":1,"href":"https:\/\/www.elsindical.com.ar\/notas\/wp-json\/wp\/v2\/posts\/56722\/revisions"}],"predecessor-version":[{"id":56723,"href":"https:\/\/www.elsindical.com.ar\/notas\/wp-json\/wp\/v2\/posts\/56722\/revisions\/56723"}],"wp:attachment":[{"href":"https:\/\/www.elsindical.com.ar\/notas\/wp-json\/wp\/v2\/media?parent=56722"}],"wp:term":[{"taxonomy":"category","embeddable":true,"href":"https:\/\/www.elsindical.com.ar\/notas\/wp-json\/wp\/v2\/categories?post=56722"},{"taxonomy":"post_tag","embeddable":true,"href":"https:\/\/www.elsindical.com.ar\/notas\/wp-json\/wp\/v2\/tags?post=56722"}],"curies":[{"name":"wp","href":"https:\/\/api.w.org\/{rel}","templated":true}]}}