{"id":56702,"date":"2016-01-25T18:47:05","date_gmt":"2016-01-25T21:47:05","guid":{"rendered":"http:\/\/www.elsindical.com.ar\/notas\/?p=56702"},"modified":"2016-01-25T18:47:05","modified_gmt":"2016-01-25T21:47:05","slug":"maria-eugenia-vidal-chapotea-en-sangre","status":"publish","type":"post","link":"https:\/\/www.elsindical.com.ar\/notas\/maria-eugenia-vidal-chapotea-en-sangre\/","title":{"rendered":"Mar\u00eda Eugenia Vidal, chapotea en sangre"},"content":{"rendered":"<p><em><span style=\"line-height: 115%; font-family: 'Times New Roman','serif'; font-size: 12pt;\"><span style=\"color: #000000;\">\u00a0<a href=\"http:\/\/www.elsindical.com.ar\/notas\/var\/www\/html\/notas\/wp-content\/uploads\/2016\/01\/Vidal-chapotea-en-sangre.jpg\" rel=\"attachment wp-att-56703\"><img loading=\"lazy\" decoding=\"async\" class=\"alignnone size-medium wp-image-56703\" src=\"http:\/\/www.elsindical.com.ar\/notas\/var\/www\/html\/notas\/wp-content\/uploads\/2016\/01\/Vidal-chapotea-en-sangre-194x300.jpg\" alt=\"Vidal-chapotea-en-sangre\" width=\"194\" height=\"300\" srcset=\"https:\/\/www.elsindical.com.ar\/notas\/var\/www\/html\/notas\/wp-content\/uploads\/2016\/01\/Vidal-chapotea-en-sangre-194x300.jpg 194w, https:\/\/www.elsindical.com.ar\/notas\/var\/www\/html\/notas\/wp-content\/uploads\/2016\/01\/Vidal-chapotea-en-sangre.jpg 620w\" sizes=\"auto, (max-width: 194px) 100vw, 194px\" \/><\/a> Mar\u00eda Eugenia Vidal, asumi\u00f3 como gobernadora de la provincia de Buenos Aires, el 10 de diciembre del 2015, y ya contaba como antecedentes pol\u00edticos, el saber aprovechar las oportunidades, en el a\u00f1o 2007, fue electa legisladora, pero su paso fue breve ya que renunci\u00f3 para pasar a ser Ministro de Desarrollo Social del Gobierno de la Ciudad de Buenos Aires en el primer per\u00edodo de gobierno de Mauricio Macri.<\/span><\/span><\/em><\/p>\n<p><span style=\"line-height: 115%; font-family: 'Times New Roman','serif'; font-size: 12pt;\"><span style=\"color: #000000;\">A pesar de no haber tenido una gesti\u00f3n destacada y verse salpicada por algunos esc\u00e1ndalos, Mauricio Macri la elige para que sea su segunda en la reelecci\u00f3n que ganan en segunda vuelta, su trabajo m\u00e1s que buscar mejoras para los vecinos, fue el de fortalecer al PRO frente a extra\u00f1os y propios, ganando la confianza de Macri quien la posiciona como candidata a gobernadora por la provincia de Buenos Aires, actividad pol\u00edtica que comienza a realizar a mediados del 2013, cuando comienza a recorrer la provincia de Buenos Aires con el objetivo de sumar votos para la elecci\u00f3n presidencial, ganando en el 2015 en segunda vuelta con el 39% de los votos. No hicieron mecha en ella las denuncias contra su esposo Ramiro Tagliaferro, quien tambi\u00e9n gan\u00f3 la intendencia de Mor\u00f3n.<\/span><\/span><\/p>\n<p><span style=\"line-height: 115%; font-family: 'Times New Roman','serif'; font-size: 12pt;\"><span style=\"color: #000000;\">Con un gran aparato de prensa, Mar\u00eda Eugenia Vidal, convenci\u00f3 a los ciudadanos de la provincia de Buenos Aires, que ella representaba El Cambio en la provincia m\u00e1s importante del pa\u00eds, promesas como combatir la corrupci\u00f3n y la inseguridad fueron pilares fundamentales para que los bonaerenses se inclinaran por la primera mujer en gobernar una provincia amplia y complicada.<\/span><\/span><\/p>\n<p><span style=\"line-height: 115%; font-family: 'Times New Roman','serif'; font-size: 12pt;\"><span style=\"color: #000000;\">Como ya mencion\u00e9, Vidal asumi\u00f3 formalmente el 10 de diciembre del 2015 y no tardaron en llegar las promesas de cambio de la mano de la presentaci\u00f3n en sociedad de su gabinete de ministros y funcionarios, pero los cambios a la fecha no han sido tales, problemas puntuales como la inseguridad, salud, empleo y educaci\u00f3n siguen pendientes.<\/span><\/span><\/p>\n<p><span style=\"line-height: 115%; font-family: 'Times New Roman','serif'; font-size: 12pt;\"><span style=\"color: #000000;\">Curiosamente algunos municipios, como por ejemplo Lan\u00fas y Quilmes, donde el PRO impuso a sus candidatos, Grindetti por Lan\u00fas y Molina en Quilmes, siguen teniendo graves problemas de inseguridad sin mejorar los \u00edndices delictivos y por el contrario sumando muertos, de los dos casos testigos, tal vez, el m\u00e1s llamativo sea el de Lan\u00fas, ya que Grindetti, es de los hombres con llegada al actual presidente y a la gobernadora, si realmente fueron electos por los vecinos para ser un cambio, c\u00f3mo se explica sostener a los responsables de la seguridad que tienen estad\u00edsticas negativas, Lan\u00fas no solo no ha mejorado sus \u00edndices de delitos, sino que varios de los delitos que se cometen en el partido de Avellaneda lo realizan delincuentes con domicilio en Lan\u00fas y Quilmes, basta con hacer un an\u00e1lisis de las estad\u00edsticas para comprobar esta especie de inmigraci\u00f3n delictiva, donde las estad\u00edsticas son muy diferentes en lo que respecta a Avellaneda, cuya fuerza policial registra la tasa de procedimientos policiales m\u00e1s elevada de la provincia de Buenos Aires, con picos de hechos policiales esclarecidos en el per\u00edodo 2014-2016, incluso los vecinos y los medios se mantienen informados desde las p\u00e1ginas online que poseen <a href=\"http:\/\/distritalavellaneda.com.ar\/\">la Jefatura Distrital <\/a>y <a href=\"http:\/\/coordinacionpoliciaavellaneda.blogspot.com.ar\/\">la Coordinaci\u00f3n de Polic\u00eda Avellaneda<\/a>.<\/span><\/span><\/p>\n<p><span style=\"line-height: 115%; font-family: 'Times New Roman','serif'; font-size: 12pt;\"><span style=\"color: #000000;\">En su amplitud, la provincia de Buenos Aires constituye un verdadero desaf\u00edo para cualquier pol\u00edtico que piense que es sencillo gobernar, pero m\u00e1s a\u00fan cumplir las promesas de campa\u00f1a, sin un debido asesoramiento en la materia, los resultados no ser\u00e1n los esperados y la imagen del gobierno terminar\u00e1 pareci\u00e9ndose mucho a las anteriores.<\/span><\/span><\/p>\n<p><span style=\"line-height: 115%; font-family: 'Times New Roman','serif'; font-size: 12pt;\"><span style=\"color: #000000;\">No solo no se han relevado a jefes policiales ineficientes, sino que la justicia provincial debe ser objeto de una profunda auditor\u00eda y depuraci\u00f3n, muchos de los departamentos judiciales mantienen alta desconfianza de la poblaci\u00f3n y algunos como el Polo Judicial de Avellaneda siempre est\u00e1 bajo sospecha por la estad\u00edstica negativa de llevar a juicio a peligrosos delincuentes, <a href=\"http:\/\/www.elsindical.com.ar\/notas\/asesinan-en-avellaneda-a-un-barra-de-arsenal-dedicado-al-delito\/\">como ya advertimos sobre los casos de bandas de delincuentes que durante a\u00f1os tuvieron protecci\u00f3n judicial para \u201ctrabajar\u201d la zona sur<\/a>, la ausencia de imputados en causas por drogas que no sean los ocasionales adictos que se transforman en dealers sino los verdaderos \u201cnarcos\u201d, justificando su incapacidad para ser funcionarios probos, con delincuentes sin recursos, pero que son un n\u00famero m\u00e1s para las estad\u00edsticas incompletas, que impiden los ciudadanos sepamos realmente si se investiga y juzga a todos como lo establece la Constituci\u00f3n Nacional o bien, simplemente concurren a sus oficinas a dejar pasar el tiempo.<\/span><\/span><\/p>\n<p><span style=\"line-height: 115%; font-family: 'Times New Roman','serif'; font-size: 12pt;\"><span style=\"color: #000000;\">Los asesinatos de dos polic\u00edas del C.P.C Lan\u00fas, de un vecino en el interior de un supermercado y de dos j\u00f3venes en pocos d\u00edas, demuestran que las cosas est\u00e1n mal en Lan\u00fas y un cambio es m\u00e1s que necesario, no se puede seguir sosteniendo a un jefe policial que ha pasado varios a\u00f1os en el partido con distintos cargos, pero siempre cuestionado y con el delito en alza.<\/span><\/span><\/p>\n<p><span style=\"line-height: 115%; font-family: 'Times New Roman','serif'; font-size: 12pt;\"><span style=\"color: #000000;\">Los \u00faltimos hechos graves de sangre que involucran a \u201ctrapitos\u201d hacen m\u00e1s fuerte la alerta, si un gobierno no puede controlar la actividad de estos personajes, en su mayor\u00eda violentos, proclives a la bebida y el consumo de sustancias, es una mentira que prometan ocuparse del resto de los delitos y del narcotr\u00e1fico.<\/span><\/span><\/p>\n<p><span style=\"line-height: 115%; font-family: 'Times New Roman','serif'; font-size: 12pt;\"><span style=\"color: #000000;\">Vidal debe saber que hoy chapotea en la sangre de v\u00edctimas inocentes, que prometi\u00f3 un cambio que no ha realizado, tal vez, los primeros cambios deba hacerlos en su entorno, es evidente que ha sido muy mal asesorada, hay varios personajes que no deber\u00edan estar en funciones y hasta los han ascendidos.<\/span><\/span><\/p>\n<p><span style=\"line-height: 115%; font-family: 'Times New Roman','serif'; font-size: 12pt;\"><span style=\"color: #000000;\">La gobernadora Vidal a\u00fan est\u00e1 a tiempo de corregir los errores y reclamar soluciones a su gabinete y funcionarios, la seguridad no se soluciona con lindos discursos a la prensa, esperamos como medio period\u00edstico sepan escuchar los reclamos, pero especialmente el dolor de los vecinos.<\/span><\/span><\/p>\n<p><span style=\"line-height: 115%; font-family: 'Times New Roman','serif'; font-size: 12pt;\"><span style=\"color: #000000;\">\u00a0<\/span><\/span><\/p>\n<p><em><strong><span style=\"line-height: 115%; font-family: 'Times New Roman','serif'; font-size: 12pt;\"><span style=\"color: #000000;\">Por Marcelo Ricardo Hawrylciw<\/span><\/span><\/strong><\/em><\/p>\n<p>&nbsp;<\/p>\n","protected":false},"excerpt":{"rendered":"<p>\u00a0 Mar\u00eda Eugenia Vidal, asumi\u00f3 como gobernadora de la provincia de Buenos Aires, el 10 de diciembre del 2015, y ya contaba como antecedentes pol\u00edticos, el saber aprovechar las oportunidades, en el a\u00f1o 2007, fue electa legisladora, pero su paso fue breve ya que renunci\u00f3 para pasar a ser Ministro de Desarrollo Social del Gobierno&hellip;<\/p>\n","protected":false},"author":1,"featured_media":0,"comment_status":"open","ping_status":"open","sticky":false,"template":"","format":"standard","meta":{"footnotes":""},"categories":[10],"tags":[21015,324,4443,984,209,7265,1466],"class_list":["post-56702","post","type-post","status-publish","format-standard","hentry","category-editorial","tag-c-p-c","tag-constitucion","tag-homicidios","tag-inseguridad","tag-lanus","tag-maria-eugenia-vidal","tag-provincia-de-buenos-aires"],"_links":{"self":[{"href":"https:\/\/www.elsindical.com.ar\/notas\/wp-json\/wp\/v2\/posts\/56702","targetHints":{"allow":["GET"]}}],"collection":[{"href":"https:\/\/www.elsindical.com.ar\/notas\/wp-json\/wp\/v2\/posts"}],"about":[{"href":"https:\/\/www.elsindical.com.ar\/notas\/wp-json\/wp\/v2\/types\/post"}],"author":[{"embeddable":true,"href":"https:\/\/www.elsindical.com.ar\/notas\/wp-json\/wp\/v2\/users\/1"}],"replies":[{"embeddable":true,"href":"https:\/\/www.elsindical.com.ar\/notas\/wp-json\/wp\/v2\/comments?post=56702"}],"version-history":[{"count":1,"href":"https:\/\/www.elsindical.com.ar\/notas\/wp-json\/wp\/v2\/posts\/56702\/revisions"}],"predecessor-version":[{"id":56704,"href":"https:\/\/www.elsindical.com.ar\/notas\/wp-json\/wp\/v2\/posts\/56702\/revisions\/56704"}],"wp:attachment":[{"href":"https:\/\/www.elsindical.com.ar\/notas\/wp-json\/wp\/v2\/media?parent=56702"}],"wp:term":[{"taxonomy":"category","embeddable":true,"href":"https:\/\/www.elsindical.com.ar\/notas\/wp-json\/wp\/v2\/categories?post=56702"},{"taxonomy":"post_tag","embeddable":true,"href":"https:\/\/www.elsindical.com.ar\/notas\/wp-json\/wp\/v2\/tags?post=56702"}],"curies":[{"name":"wp","href":"https:\/\/api.w.org\/{rel}","templated":true}]}}