{"id":5667,"date":"2010-04-19T19:42:10","date_gmt":"2010-04-19T22:42:10","guid":{"rendered":"http:\/\/www.elsindical.com.ar\/notas\/?p=5667"},"modified":"2010-04-19T19:42:10","modified_gmt":"2010-04-19T22:42:10","slug":"la-onu-elaboro-un-critico-informe-sobre-los-dd-hh-en-argentina","status":"publish","type":"post","link":"https:\/\/www.elsindical.com.ar\/notas\/la-onu-elaboro-un-critico-informe-sobre-los-dd-hh-en-argentina\/","title":{"rendered":"La ONU elabor\u00f3 un cr\u00edtico informe sobre los DD.HH. en Argentina"},"content":{"rendered":"<p style=\"text-align: justify;\"><a href=\"http:\/\/www.elsindical.com.ar\/notas\/var\/www\/html\/notas\/wp-content\/uploads\/2010\/04\/represi\u00f3n-en-Plaza-de-Mayo.jpg\"><img loading=\"lazy\" decoding=\"async\" class=\"alignleft size-medium wp-image-5668\" title=\"represi\u00f3n-en-Plaza-de-Mayo\" src=\"http:\/\/www.elsindical.com.ar\/notas\/var\/www\/html\/notas\/wp-content\/uploads\/2010\/04\/represi\u00f3n-en-Plaza-de-Mayo-300x225.jpg\" alt=\"\" width=\"300\" height=\"225\" srcset=\"https:\/\/www.elsindical.com.ar\/notas\/var\/www\/html\/notas\/wp-content\/uploads\/2010\/04\/represi\u00f3n-en-Plaza-de-Mayo-300x225.jpg 300w, https:\/\/www.elsindical.com.ar\/notas\/var\/www\/html\/notas\/wp-content\/uploads\/2010\/04\/represi\u00f3n-en-Plaza-de-Mayo.jpg 312w\" sizes=\"auto, (max-width: 300px) 100vw, 300px\" \/><\/a>El Comit\u00e9 de Derechos Humanos manifest\u00f3 su preocupaci\u00f3n por las torturas en comisar\u00edas y las detenciones ilegales. Cuestion\u00f3 adem\u00e1s la composici\u00f3n del Consejo de la Magistratura y el rechazo a la falta de reconocimiento de personer\u00eda gremial a la CTA. Marc\u00f3 como positivo el avance en los juicios contra represores y la lucha contra la discrimaci\u00f3n.<\/p>\n<p style=\"text-align: justify;\">El <a href=\"http:\/\/www.un.org\/es\/rights\/\"><strong>Comit\u00e9 de Derechos Humanos de las Naciones Unidas<\/strong><\/a> elabor\u00f3 un informe sobre Argentina en el que manifest\u00f3 su preocupaci\u00f3n por el estado del Sistema Penitenciario, por la pr\u00e1ctica de la tortura en las comisar\u00edas, las detenciones ilegales y por el control que ejerce el Poder Ejecutivo sobre el Consejo de la Magistratura. Si bien <strong>la lupa encontr\u00f3 m\u00e1s aspectos negativos que positivos<\/strong>, el organismo destac\u00f3 avances en los juicios contra represores, en la lucha contra la discriminaci\u00f3n y en la despenalizaci\u00f3n de las calumnias e injurias.<\/p>\n<p>El extenso documento surgido tras las deliberaciones del <strong>Comit\u00e9 en Nueva York el 26 de marzo<\/strong> arranca con la enumeraci\u00f3n de los aspectos positivos en los que Argentina ha avanzado en el \u00faltimo a\u00f1o en lo relacionado con los Derechos Humanos (DD.HH.). Entre ellos destaca los \u00ab<strong>numerosos cambios legislativos e institucionales<\/strong> (&#8230;) como la despenalizaci\u00f3n de calumnias e injurias, el Plan nacional contra la discriminaci\u00f3n\u00bb y \u00ablos avances en el enjuiciamiento de responsables de violaciones de derechos humanos durante la dictadura militar y en la recuperaci\u00f3n de la identidad de ni\u00f1os apropiados\u00bb.<\/p>\n<p>Una de las principales preocupaciones est\u00e1 centrada en las \u00ab<strong>muertes ocasionadas como consecuencia de actuaciones violentas de la polic\u00eda<\/strong>, en algunas de las cuales las v\u00edctimas fueron menores\u00bb. En ese sentido, la ONU llam\u00f3 a \u00abtomar medidas\u00bb contra ese tipo de hechos no sucedan m\u00e1s y para \u00abasegurar que los responsables de los mismos sean debidamente enjuiciados y castigados\u00bb.<\/p>\n<p>El organismo tambi\u00e9n cuestion\u00f3 \u00abla <strong>subsistencia de normas<\/strong> que otorgan facultades a la polic\u00eda para detener personas, incluidos menores, sin orden judicial anterior ni control judicial posterior y fuera de los supuestos de flagrancia\u00bb.<\/p>\n<p>Respecto de la situaci\u00f3n del Servicio Penitenciario, el informe <strong>aconseja reducir el n\u00famero de presos con prisi\u00f3n preventiva<\/strong> y el \u00abalto \u00edndice de hacinamiento, la violencia intracarcelaria, la mala calidad en la prestaci\u00f3n de servicios\u00bb. E insta a mejorar \u00abla satisfacci\u00f3n de necesidades fundamentales, en particular en materia de higiene, alimentaci\u00f3n y atenci\u00f3n m\u00e9dica\u00bb en los penales.<\/p>\n<p>Sobre el Consejo de la Magistratura, advierte que \u00ab<strong>existe una marcada representaci\u00f3n de los \u00f3rganos pol\u00edticos allegados al Poder Ejecutivo<\/strong>, en detrimento de la representaci\u00f3n de jueces y abogados\u00bb, ante lo que recomienda \u00abhacer efectivo el equilibrio previsto en el precepto constitucional, evitando situaciones de control del Ejecutivo sobre este \u00f3rgano\u00bb.<\/p>\n<p>El Comit\u00e9 manifiesta tambi\u00e9n su <strong>preocupaci\u00f3n por el rechazo al reconocimiento de la personer\u00eda gremial a la Central de Trabajadores Argentinos (CTA) <\/strong>y argumenta que la situaci\u00f3n se contradice con el convenio de la Organizaci\u00f3n Internacional del Trabajo (OIT), al que adhiere Argentina. El documento apela a que el Estado tome \u00abmedidas encaminadas a garantizar la aplicaci\u00f3n en el pa\u00eds de los est\u00e1ndares internacionales en materia de <strong>libertad sindical<\/strong>\u00ab.<\/p>\n<p>Si bien reconoce como <strong>positiva la creaci\u00f3n de la Oficina de Violencia Dom\u00e9stica<\/strong> en el \u00e1mbito de la Corte Suprema, subray\u00f3 que \u00absu \u00e1mbito de competencia se limita a la Ciudad de Buenos Aires y que los servicios que brinda s\u00f3lo de manera muy limitada se extienden a la actuaci\u00f3n jur\u00eddica gratuita ante los tribunales de justicia\u00bb.<\/p>\n<p>El punto referido a evaluar la actualidad en la que se encuentran los menores en situaci\u00f3n de delito, el documento cuestiona <strong>\u00ablas graves deficiencias en el funcionamiento de las instituciones donde se encuentran alojados ni\u00f1os privados de libertad<\/strong>, incluidas situaciones de sanciones colectivas y encierro absoluto\u00bb. Y llama al Estado a \u00abtomar medidas para establecer un r\u00e9gimen penal juvenil respetuoso de los derechos protegidos en el Pacto y otros instrumentos internacionales en la materia\u00bb.<\/p>\n","protected":false},"excerpt":{"rendered":"<p>El Comit\u00e9 de Derechos Humanos manifest\u00f3 su preocupaci\u00f3n por las torturas en comisar\u00edas y las detenciones ilegales. Cuestion\u00f3 adem\u00e1s la composici\u00f3n del Consejo de la Magistratura y el rechazo a la falta de reconocimiento de personer\u00eda gremial a la CTA. Marc\u00f3 como positivo el avance en los juicios contra represores y la lucha contra la&hellip;<\/p>\n","protected":false},"author":1,"featured_media":0,"comment_status":"open","ping_status":"open","sticky":false,"template":"","format":"standard","meta":{"footnotes":""},"categories":[8],"tags":[1227,22022,2546,353],"class_list":["post-5667","post","type-post","status-publish","format-standard","hentry","category-derechos-humanos","tag-comisaria","tag-derechos-humanos","tag-ilegales","tag-represion"],"_links":{"self":[{"href":"https:\/\/www.elsindical.com.ar\/notas\/wp-json\/wp\/v2\/posts\/5667","targetHints":{"allow":["GET"]}}],"collection":[{"href":"https:\/\/www.elsindical.com.ar\/notas\/wp-json\/wp\/v2\/posts"}],"about":[{"href":"https:\/\/www.elsindical.com.ar\/notas\/wp-json\/wp\/v2\/types\/post"}],"author":[{"embeddable":true,"href":"https:\/\/www.elsindical.com.ar\/notas\/wp-json\/wp\/v2\/users\/1"}],"replies":[{"embeddable":true,"href":"https:\/\/www.elsindical.com.ar\/notas\/wp-json\/wp\/v2\/comments?post=5667"}],"version-history":[{"count":1,"href":"https:\/\/www.elsindical.com.ar\/notas\/wp-json\/wp\/v2\/posts\/5667\/revisions"}],"predecessor-version":[{"id":5669,"href":"https:\/\/www.elsindical.com.ar\/notas\/wp-json\/wp\/v2\/posts\/5667\/revisions\/5669"}],"wp:attachment":[{"href":"https:\/\/www.elsindical.com.ar\/notas\/wp-json\/wp\/v2\/media?parent=5667"}],"wp:term":[{"taxonomy":"category","embeddable":true,"href":"https:\/\/www.elsindical.com.ar\/notas\/wp-json\/wp\/v2\/categories?post=5667"},{"taxonomy":"post_tag","embeddable":true,"href":"https:\/\/www.elsindical.com.ar\/notas\/wp-json\/wp\/v2\/tags?post=5667"}],"curies":[{"name":"wp","href":"https:\/\/api.w.org\/{rel}","templated":true}]}}