{"id":56634,"date":"2016-01-22T19:33:46","date_gmt":"2016-01-22T22:33:46","guid":{"rendered":"http:\/\/www.elsindical.com.ar\/notas\/?p=56634"},"modified":"2016-01-22T19:33:46","modified_gmt":"2016-01-22T22:33:46","slug":"ascienden-a-750-mil-las-familias-sin-luz-en-capital-y-el-conurbano","status":"publish","type":"post","link":"https:\/\/www.elsindical.com.ar\/notas\/ascienden-a-750-mil-las-familias-sin-luz-en-capital-y-el-conurbano\/","title":{"rendered":"Ascienden a 750 mil las familias sin luz en Capital y el Conurbano"},"content":{"rendered":"<p><em><a href=\"http:\/\/www.elsindical.com.ar\/notas\/var\/www\/html\/notas\/wp-content\/uploads\/2012\/01\/corte-de-luz.jpg\" rel=\"attachment wp-att-20302\"><img loading=\"lazy\" decoding=\"async\" class=\"alignnone size-medium wp-image-20302\" src=\"http:\/\/www.elsindical.com.ar\/notas\/var\/www\/html\/notas\/wp-content\/uploads\/2012\/01\/corte-de-luz-300x240.jpg\" alt=\"corte-de-luz\" width=\"300\" height=\"240\" srcset=\"https:\/\/www.elsindical.com.ar\/notas\/var\/www\/html\/notas\/wp-content\/uploads\/2012\/01\/corte-de-luz-300x240.jpg 300w, https:\/\/www.elsindical.com.ar\/notas\/var\/www\/html\/notas\/wp-content\/uploads\/2012\/01\/corte-de-luz.jpg 325w\" sizes=\"auto, (max-width: 300px) 100vw, 300px\" \/><\/a>\u00a0 As\u00ed lo inform\u00f3 el Ente Nacional Regulador de la Electricidad (ENRE). Las zonas m\u00e1s afectadas son Saavedra, Villa Luzuriaga, Hurlingham, Tigre, Del Viso, Flores y Lomas de Zamora.<\/em><\/p>\n<p>En un d\u00eda de calor sofocante, donde la t\u00e9rmica roza los 40 grados, m\u00e1s de medio mill\u00f3n de familias est\u00e1n sin luz en la Ciudad y la provincia de Buenos Aires, inform\u00f3 el Ente Nacional Regulador de la Electricidad (ENRE). <strong>Unos 412.899 pertenecen a EDESUR y unos 339.868 a EDENOR.<\/strong><\/p>\n<p>La demanda de energ\u00eda baj\u00f3 643 megavatios a las 15:30 en relaci\u00f3n al \u00faltimo r\u00e9cord de 24.872 anotado una hora antes. El registro de 24.257 megavatios se dio a pesar de las altas temperaturas (35 grados), lo cual se explica en parte por cortes en el suministro del \u00e1rea metropolitana.<\/p>\n<p>De esa cantidad, 495 mil son de ellos de car\u00e1cter \u00abpreventivo\u00bb, seg\u00fan datos entregados por las distribuidoras Edenor y Edesur al organismo regular ENRE.<\/p>\n<p>Las zonas m\u00e1s afectadas por la falta de suministro el\u00e9ctrico son Saavedra, Villa Luzuriaga, Hurlingham, Tigre, Del Viso, Flores y Lomas de Zamora.<\/p>\n<p>El ministro de Energ\u00eda y Miner\u00eda, Juan Jos\u00e9 Aranguren, solicit\u00f3 a la ciudadan\u00eda que utilice los equipos de aire acondicionado en 24 grados cent\u00edgrados, especialmente durante las horas pico, entre las 13:30 y las 16:30.<\/p>\n<p>\u00abEstamos siendo impactados por una alta ola de calor y ayer batimos el r\u00e9cord de demanda de potencia el\u00e9ctrica en la Argentina, con 24.609 megawatts, a las 14:30 , que se pudo cubrir con lo generado localmente y con energ\u00eda importada de Brasil y Uruguay\u00bb, asegur\u00f3 Aranguren en declaraciones en Casa de Gobierno.<\/p>\n","protected":false},"excerpt":{"rendered":"<p>\u00a0 As\u00ed lo inform\u00f3 el Ente Nacional Regulador de la Electricidad (ENRE). Las zonas m\u00e1s afectadas son Saavedra, Villa Luzuriaga, Hurlingham, Tigre, Del Viso, Flores y Lomas de Zamora. En un d\u00eda de calor sofocante, donde la t\u00e9rmica roza los 40 grados, m\u00e1s de medio mill\u00f3n de familias est\u00e1n sin luz en la Ciudad y&hellip;<\/p>\n","protected":false},"author":1,"featured_media":0,"comment_status":"open","ping_status":"open","sticky":false,"template":"","format":"standard","meta":{"footnotes":""},"categories":[25],"tags":[294,2973,374,3764,376],"class_list":["post-56634","post","type-post","status-publish","format-standard","hentry","category-sociedad","tag-cortes","tag-edenor","tag-edesur","tag-enre","tag-usuarios"],"_links":{"self":[{"href":"https:\/\/www.elsindical.com.ar\/notas\/wp-json\/wp\/v2\/posts\/56634","targetHints":{"allow":["GET"]}}],"collection":[{"href":"https:\/\/www.elsindical.com.ar\/notas\/wp-json\/wp\/v2\/posts"}],"about":[{"href":"https:\/\/www.elsindical.com.ar\/notas\/wp-json\/wp\/v2\/types\/post"}],"author":[{"embeddable":true,"href":"https:\/\/www.elsindical.com.ar\/notas\/wp-json\/wp\/v2\/users\/1"}],"replies":[{"embeddable":true,"href":"https:\/\/www.elsindical.com.ar\/notas\/wp-json\/wp\/v2\/comments?post=56634"}],"version-history":[{"count":1,"href":"https:\/\/www.elsindical.com.ar\/notas\/wp-json\/wp\/v2\/posts\/56634\/revisions"}],"predecessor-version":[{"id":56635,"href":"https:\/\/www.elsindical.com.ar\/notas\/wp-json\/wp\/v2\/posts\/56634\/revisions\/56635"}],"wp:attachment":[{"href":"https:\/\/www.elsindical.com.ar\/notas\/wp-json\/wp\/v2\/media?parent=56634"}],"wp:term":[{"taxonomy":"category","embeddable":true,"href":"https:\/\/www.elsindical.com.ar\/notas\/wp-json\/wp\/v2\/categories?post=56634"},{"taxonomy":"post_tag","embeddable":true,"href":"https:\/\/www.elsindical.com.ar\/notas\/wp-json\/wp\/v2\/tags?post=56634"}],"curies":[{"name":"wp","href":"https:\/\/api.w.org\/{rel}","templated":true}]}}