{"id":56493,"date":"2016-01-15T11:35:03","date_gmt":"2016-01-15T14:35:03","guid":{"rendered":"http:\/\/www.elsindical.com.ar\/notas\/?p=56493"},"modified":"2016-01-15T11:35:03","modified_gmt":"2016-01-15T14:35:03","slug":"el-cuerpo-de-delegados-de-cresta-roja-solicita-entrevista-urgente-a-la-gobernadora","status":"publish","type":"post","link":"https:\/\/www.elsindical.com.ar\/notas\/el-cuerpo-de-delegados-de-cresta-roja-solicita-entrevista-urgente-a-la-gobernadora\/","title":{"rendered":"El cuerpo de delegados de Cresta Roja solicita entrevista urgente a la gobernadora"},"content":{"rendered":"<p><strong><a href=\"http:\/\/www.elsindical.com.ar\/notas\/var\/www\/html\/notas\/wp-content\/uploads\/2014\/09\/empresa-Cresta-Roja.jpg\" rel=\"attachment wp-att-45699\"><img loading=\"lazy\" decoding=\"async\" class=\"alignnone size-medium wp-image-45699\" src=\"http:\/\/www.elsindical.com.ar\/notas\/var\/www\/html\/notas\/wp-content\/uploads\/2014\/09\/empresa-Cresta-Roja-300x168.jpg\" alt=\"empresa-Cresta-Roja\" width=\"300\" height=\"168\" srcset=\"https:\/\/www.elsindical.com.ar\/notas\/var\/www\/html\/notas\/wp-content\/uploads\/2014\/09\/empresa-Cresta-Roja-300x168.jpg 300w, https:\/\/www.elsindical.com.ar\/notas\/var\/www\/html\/notas\/wp-content\/uploads\/2014\/09\/empresa-Cresta-Roja-500x280.jpg 500w, https:\/\/www.elsindical.com.ar\/notas\/var\/www\/html\/notas\/wp-content\/uploads\/2014\/09\/empresa-Cresta-Roja.jpg 502w\" sizes=\"auto, (max-width: 300px) 100vw, 300px\" \/><\/a>Comunicado de prensa <\/strong><\/p>\n<p><strong>Cresta Roja <\/strong><\/p>\n<p><strong>El cuerpo de delegados solicita entrevista urgente a la gobernadora\u00a0<\/strong><strong>\u00a0<\/strong><\/p>\n<p>Nos dirigimos a la opini\u00f3n p\u00fablica para informarle la situaci\u00f3n que los 5000 trabajadores de Cresta Roja estamos atravesando y comunicar que hemos solicitado con car\u00e1cter urgente una audiencia con la gobernadora Mar\u00eda Eugenia Vidal.<\/p>\n<p>En los \u00faltimos 45 d\u00edas, hemos cobrado apenas 6000 pesos. Se nos adeudan varias quincenas, aguinaldo y vacaciones. Con esa suma las 5000 familias de Cresta Roja tuvimos que pasar las fiestas, posiblemente, las m\u00e1s amargas que nos ha tocado vivir.<\/p>\n<p>En este lapso, la jueza ha decretado la quiebra y la empresa ha sido adjudicada a un consorcio de 3 empresas. El nuevo grupo tienen el mes de enero para decidir si se har\u00e1 cargo de la empresa y ponerla nuevamente a funcionar.<\/p>\n<p>Entre tanto, los trabajadores de Cresta Roja nos vamos a tener que conformar con 4000 pesos. El \u00fanico compromiso que ha asumido el estado nacional y provincial se circunscribe a pagar esa suma en car\u00e1cter de Repro (que abona el Ministerio de Trabajo a las empresas en crisis.)<br \/>\nDenunciamos que con 4000 pesos NO podemos vivir. Con m\u00e1s raz\u00f3n, cuando la situaci\u00f3n se podr\u00eda llegar a dilatarse durante varios meses La propuesta elevada a la jueza por el consorcio adjudicatario no establece por el momento la cantidad de trabajadores que se reincorporan ni los plazos en que eso ocurrir\u00eda.<\/p>\n<p>Denunciamos que al d\u00eda de hoy, ni siquiera, hemos cobrado esos 4000 pesos. El gobierno nacional y provincial ha incumplido con su compromiso original, postergando el pago arbitrariamente, para el d\u00eda 18 del corriente.<\/p>\n<p>Nuestro pedido para que se nos siga abonando lo que ven\u00edamos cobrando en las quincenas, ha ca\u00eddo en saco roto. La plata, sin embargo, para pagar esas sumas constituye un \u201cvuelto\u201d, si lo comparamos con las cifras multimillonarias que el gobierno acaba de otorgar a diferentes sectores patronales.<\/p>\n<p>Reiteramos nuestro reclamo. Que se garantice que la totalidad de los trabajadores de Cresta Roja cobremos en forma \u00edntegra nuestras quincenas. Que el Estado se haga cargo del pago mientras contin\u00faan las tratativas y se avanza en una salida definitiva y satisfactoria del conflicto.<\/p>\n<p>Llamamos a las autoridades a la formaci\u00f3n de una mesa de trabajo de seguimiento y control, integrado en forma paritaria por representantes del Estado provincial y nacional, por un lado, y de los trabajadores, por el otro &#8211; que deber\u00eda tener como funci\u00f3n principal velar por la continuidad laboral de los 5 mil trabajadores.<\/p>\n<p>Por la comisi\u00f3n interna de Cresta Roja planta dos<\/p>\n<p>Cristian Villalba (cel 1545632264),<\/p>\n<p>Julio Gramajo (cel 1530955353),<\/p>\n<p>Nicol\u00e1s Sergio (cel 1554039555),<\/p>\n<p>Sim\u00f3n Abaca, Miguel S\u00e1nchez, Carlos Mansilla, Nelson Carballo, Juan Jaime, Luis Rodr\u00edguez, Luis Ponce, Ezequiel Cajal, Javier Blanco.<\/p>\n","protected":false},"excerpt":{"rendered":"<p>Comunicado de prensa Cresta Roja El cuerpo de delegados solicita entrevista urgente a la gobernadora\u00a0\u00a0 Nos dirigimos a la opini\u00f3n p\u00fablica para informarle la situaci\u00f3n que los 5000 trabajadores de Cresta Roja estamos atravesando y comunicar que hemos solicitado con car\u00e1cter urgente una audiencia con la gobernadora Mar\u00eda Eugenia Vidal. En los \u00faltimos 45 d\u00edas,&hellip;<\/p>\n","protected":false},"author":1,"featured_media":0,"comment_status":"open","ping_status":"open","sticky":false,"template":"","format":"standard","meta":{"footnotes":""},"categories":[16],"tags":[19744,55,1882,7265],"class_list":["post-56493","post","type-post","status-publish","format-standard","hentry","category-gremiales","tag-cresta-roja","tag-delegados","tag-entrevista","tag-maria-eugenia-vidal"],"_links":{"self":[{"href":"https:\/\/www.elsindical.com.ar\/notas\/wp-json\/wp\/v2\/posts\/56493","targetHints":{"allow":["GET"]}}],"collection":[{"href":"https:\/\/www.elsindical.com.ar\/notas\/wp-json\/wp\/v2\/posts"}],"about":[{"href":"https:\/\/www.elsindical.com.ar\/notas\/wp-json\/wp\/v2\/types\/post"}],"author":[{"embeddable":true,"href":"https:\/\/www.elsindical.com.ar\/notas\/wp-json\/wp\/v2\/users\/1"}],"replies":[{"embeddable":true,"href":"https:\/\/www.elsindical.com.ar\/notas\/wp-json\/wp\/v2\/comments?post=56493"}],"version-history":[{"count":1,"href":"https:\/\/www.elsindical.com.ar\/notas\/wp-json\/wp\/v2\/posts\/56493\/revisions"}],"predecessor-version":[{"id":56494,"href":"https:\/\/www.elsindical.com.ar\/notas\/wp-json\/wp\/v2\/posts\/56493\/revisions\/56494"}],"wp:attachment":[{"href":"https:\/\/www.elsindical.com.ar\/notas\/wp-json\/wp\/v2\/media?parent=56493"}],"wp:term":[{"taxonomy":"category","embeddable":true,"href":"https:\/\/www.elsindical.com.ar\/notas\/wp-json\/wp\/v2\/categories?post=56493"},{"taxonomy":"post_tag","embeddable":true,"href":"https:\/\/www.elsindical.com.ar\/notas\/wp-json\/wp\/v2\/tags?post=56493"}],"curies":[{"name":"wp","href":"https:\/\/api.w.org\/{rel}","templated":true}]}}