{"id":56484,"date":"2016-01-15T10:44:08","date_gmt":"2016-01-15T13:44:08","guid":{"rendered":"http:\/\/www.elsindical.com.ar\/notas\/?p=56484"},"modified":"2016-01-15T10:44:08","modified_gmt":"2016-01-15T13:44:08","slug":"via-redes-sociales-y-una-app-relevan-el-numero-de-despidos","status":"publish","type":"post","link":"https:\/\/www.elsindical.com.ar\/notas\/via-redes-sociales-y-una-app-relevan-el-numero-de-despidos\/","title":{"rendered":"V\u00eda redes sociales y una app, relevan el n\u00famero de despidos"},"content":{"rendered":"<p class=\"bajada\"><em>\u00a0<a href=\"http:\/\/www.elsindical.com.ar\/notas\/var\/www\/html\/notas\/wp-content\/uploads\/2016\/01\/el-despid\u00f3metro.jpg\" rel=\"attachment wp-att-56485\"><img loading=\"lazy\" decoding=\"async\" class=\"alignnone size-medium wp-image-56485\" src=\"http:\/\/www.elsindical.com.ar\/notas\/var\/www\/html\/notas\/wp-content\/uploads\/2016\/01\/el-despid\u00f3metro-300x74.jpg\" alt=\"el-despid\u00f3metro\" width=\"300\" height=\"74\" srcset=\"https:\/\/www.elsindical.com.ar\/notas\/var\/www\/html\/notas\/wp-content\/uploads\/2016\/01\/el-despid\u00f3metro-300x74.jpg 300w, https:\/\/www.elsindical.com.ar\/notas\/var\/www\/html\/notas\/wp-content\/uploads\/2016\/01\/el-despid\u00f3metro-500x123.jpg 500w, https:\/\/www.elsindical.com.ar\/notas\/var\/www\/html\/notas\/wp-content\/uploads\/2016\/01\/el-despid\u00f3metro.jpg 620w\" sizes=\"auto, (max-width: 300px) 100vw, 300px\" \/><\/a> Por medio de la aplicaci\u00f3n \u201cEl despid\u00f3metro\u201d y a trav\u00e9s de <a href=\"http:\/\/twitter.com\/Despidometro\">Twitter<\/a> y <a href=\"http:\/\/www.facebook.com\/desocupadometro\/?fref=ts&amp;__mref=message_bubble\">Facebook<\/a>, buscan difundir la cantidad de despidos en el \u00e1mbito estatal.<\/em><\/p>\n<p id=\"pcontnota\">\u201cEl Despid\u00f3metro\u00bb lleva contabilizados 21.185 personas despedidas en el Estado desde la asunci\u00f3n del nuevo gobierno de Mauricio Macri. Por medio de su perfil en <a href=\"http:\/\/twitter.com\/Despidometro\">Twitter<\/a> y bajo el arroba de @Despidometro, hace un recuento d\u00eda a d\u00eda de la cantidad de personas que echaron en dependencias del Estado. Similar es la plataforma de <a href=\"http:\/\/www.facebook.com\/desocupadometro\/?fref=ts&amp;__mref=message_bubble\">Facebook<\/a>.<\/p>\n<p>El grupo toma datos de medios de comunicaci\u00f3n, trabajadores del Estado e informaciones chequeadas que les llegan a las redes sociales. \u201cChequeamos toda la informaci\u00f3n con la fuente directa: alg\u00fan trabajador del organismo, del sindicato, entre otros. Tambi\u00e9n buscamos documentos que permitan entender c\u00f3mo se llevan a la pr\u00e1ctica los despidos; esto es complicado porque en muchos casos es simplemente de palabra\u201d, sostuvieron desde El Despid\u00f3metro al sitio web Infotechnology.<\/p>\n<p>&nbsp;<\/p>\n","protected":false},"excerpt":{"rendered":"<p>\u00a0 Por medio de la aplicaci\u00f3n \u201cEl despid\u00f3metro\u201d y a trav\u00e9s de Twitter y Facebook, buscan difundir la cantidad de despidos en el \u00e1mbito estatal. \u201cEl Despid\u00f3metro\u00bb lleva contabilizados 21.185 personas despedidas en el Estado desde la asunci\u00f3n del nuevo gobierno de Mauricio Macri. Por medio de su perfil en Twitter y bajo el arroba&hellip;<\/p>\n","protected":false},"author":1,"featured_media":0,"comment_status":"open","ping_status":"open","sticky":false,"template":"","format":"standard","meta":{"footnotes":""},"categories":[25],"tags":[53,586,76],"class_list":["post-56484","post","type-post","status-publish","format-standard","hentry","category-sociedad","tag-despidos","tag-estatales","tag-mauricio-macri"],"_links":{"self":[{"href":"https:\/\/www.elsindical.com.ar\/notas\/wp-json\/wp\/v2\/posts\/56484","targetHints":{"allow":["GET"]}}],"collection":[{"href":"https:\/\/www.elsindical.com.ar\/notas\/wp-json\/wp\/v2\/posts"}],"about":[{"href":"https:\/\/www.elsindical.com.ar\/notas\/wp-json\/wp\/v2\/types\/post"}],"author":[{"embeddable":true,"href":"https:\/\/www.elsindical.com.ar\/notas\/wp-json\/wp\/v2\/users\/1"}],"replies":[{"embeddable":true,"href":"https:\/\/www.elsindical.com.ar\/notas\/wp-json\/wp\/v2\/comments?post=56484"}],"version-history":[{"count":1,"href":"https:\/\/www.elsindical.com.ar\/notas\/wp-json\/wp\/v2\/posts\/56484\/revisions"}],"predecessor-version":[{"id":56486,"href":"https:\/\/www.elsindical.com.ar\/notas\/wp-json\/wp\/v2\/posts\/56484\/revisions\/56486"}],"wp:attachment":[{"href":"https:\/\/www.elsindical.com.ar\/notas\/wp-json\/wp\/v2\/media?parent=56484"}],"wp:term":[{"taxonomy":"category","embeddable":true,"href":"https:\/\/www.elsindical.com.ar\/notas\/wp-json\/wp\/v2\/categories?post=56484"},{"taxonomy":"post_tag","embeddable":true,"href":"https:\/\/www.elsindical.com.ar\/notas\/wp-json\/wp\/v2\/tags?post=56484"}],"curies":[{"name":"wp","href":"https:\/\/api.w.org\/{rel}","templated":true}]}}