{"id":56472,"date":"2016-01-14T21:51:02","date_gmt":"2016-01-15T00:51:02","guid":{"rendered":"http:\/\/www.elsindical.com.ar\/notas\/?p=56472"},"modified":"2016-01-14T21:51:02","modified_gmt":"2016-01-15T00:51:02","slug":"pilar-cayo-la-banda-de-la-inglesa","status":"publish","type":"post","link":"https:\/\/www.elsindical.com.ar\/notas\/pilar-cayo-la-banda-de-la-inglesa\/","title":{"rendered":"Pilar: Cay\u00f3 \u201cla Banda de la Inglesa\u201d"},"content":{"rendered":"<p class=\"p1 newDetailTextChange\"><em><a href=\"http:\/\/www.elsindical.com.ar\/notas\/var\/www\/html\/notas\/wp-content\/uploads\/2016\/01\/secuestro-banda-inglesa.jpg\" rel=\"attachment wp-att-56473\"><img loading=\"lazy\" decoding=\"async\" class=\"alignnone size-medium wp-image-56473\" src=\"http:\/\/www.elsindical.com.ar\/notas\/var\/www\/html\/notas\/wp-content\/uploads\/2016\/01\/secuestro-banda-inglesa-300x170.jpg\" alt=\"secuestro-banda-inglesa\" width=\"300\" height=\"170\" srcset=\"https:\/\/www.elsindical.com.ar\/notas\/var\/www\/html\/notas\/wp-content\/uploads\/2016\/01\/secuestro-banda-inglesa-300x170.jpg 300w, https:\/\/www.elsindical.com.ar\/notas\/var\/www\/html\/notas\/wp-content\/uploads\/2016\/01\/secuestro-banda-inglesa-500x284.jpg 500w, https:\/\/www.elsindical.com.ar\/notas\/var\/www\/html\/notas\/wp-content\/uploads\/2016\/01\/secuestro-banda-inglesa.jpg 620w\" sizes=\"auto, (max-width: 300px) 100vw, 300px\" \/><\/a>\u00a0 Este grupo delictivo se dedicaba a cometer entraderas en countries de la zona norte del Conurbano. La l\u00edder es una mujer nacida en Gran Breta\u00f1a.<\/em><\/p>\n<p>Una banda de delincuentes liderada por una <b>mujer oriunda de Gran Breta\u00f1a,<\/b> que se dedicaba a cometer <b>\u00abentraderas\u00bb<\/b> en <b>countries <\/b>y casas quintas del norte del <b>Conurbano <\/b>provincial, fue desarticulada en las \u00faltimas horas tras una serie de allanamientos.<\/p>\n<p class=\"p1 newDetailTextChange\">Seg\u00fan informaron fuentes policiales, los operativos se llevaron a cabo en varias viviendas ubicadas en las localidades de <b>Los Manzanares y Del Viso<\/b>, en el partido de Pilar, donde los efectivos detuvieron a ocho delincuentes e incautaron dos <b>rev\u00f3lveres calibres 32 y 38;<\/b> una pistola calibre 9 mil\u00edmetros; una escopeta sin numeraci\u00f3n y otra de fabricaci\u00f3n casera denominada \u00abtumbera&#8217;; chalecos antibalas y <b>barretas met\u00e1licas<\/b> utilizadas para forzar las puertas de los domicilios que asaltaban.<\/p>\n<p>Adem\u00e1s, los uniformados secuestraron <b>handies con frecuencia policial<\/b>; vestimenta con inscripciones de la Polic\u00eda (chombas, camperas, chalecos refractarios, jerarqu\u00edas y gorras); pelucas; telefon\u00eda celular; moneda extrajera de distintos pa\u00edses y electrodom\u00e9sticos de todo tipo que hab\u00edan sido robados en diversos atracos.<\/p>\n<p class=\"p1 newDetailTextChange\">Los voceros informaron que la organizaci\u00f3n criminal, conocida como <b>\u00abLa Banda de la Inglesa\u00bb,<\/b> se dedicaba a cometer \u00abentraderas\u00bb en las localidades de Campana, Z rate, Escobar y Los Cardenales.<\/p>\n<p>Los investigadores aclararon que a los detenidos se los acusa de haber cometido al menos doce robos durante el 2015.<\/p>\n<p class=\"p1 newDetailTextChange\">Seg\u00fan se supo, los miembros de la banda ingresaban en los domicilios armados y disfrazados, amenazaban de muerte a los moradores y se llevaban todos los objetos de valor que encontrasen.<\/p>\n<p>Luego de una serie de pesquisas realizadas por personal del <b>Destacamento Policial de Altos Los Cardales<\/b>, con la colaboraci\u00f3n de oficiales pertenecientes a la Coordinaci\u00f3n de la Polic\u00eda de Campana, se logr\u00f3 identificar a los delincuentes y, previa orden judicial, montaron los operativos que permitieron las respectivas capturas.<\/p>\n<p class=\"p1 newDetailTextChange\">Los detenidos, seis hombres argentinos, una paraguaya y la inglesa, quedaron a disposici\u00f3n de la Unidad Funcional de Instrucci\u00f3n a cargo del fiscal Ricardo Quiroga del Departamento Judicial Z\u00e1rate-Campana, bajo la caratula <b>\u00abrobo agravado con uso de arma en poblado y en banda\u00bb.<br \/>\n<\/b><\/p>\n","protected":false},"excerpt":{"rendered":"<p>\u00a0 Este grupo delictivo se dedicaba a cometer entraderas en countries de la zona norte del Conurbano. La l\u00edder es una mujer nacida en Gran Breta\u00f1a. Una banda de delincuentes liderada por una mujer oriunda de Gran Breta\u00f1a, que se dedicaba a cometer \u00abentraderas\u00bb en countries y casas quintas del norte del Conurbano provincial, fue&hellip;<\/p>\n","protected":false},"author":1,"featured_media":0,"comment_status":"open","ping_status":"open","sticky":false,"template":"","format":"standard","meta":{"footnotes":""},"categories":[22],"tags":[424,22716,22715,22714],"class_list":["post-56472","post","type-post","status-publish","format-standard","hentry","category-policiales","tag-armas","tag-frecuencia-policial","tag-handies","tag-la-banda-de-la-inglesa"],"_links":{"self":[{"href":"https:\/\/www.elsindical.com.ar\/notas\/wp-json\/wp\/v2\/posts\/56472","targetHints":{"allow":["GET"]}}],"collection":[{"href":"https:\/\/www.elsindical.com.ar\/notas\/wp-json\/wp\/v2\/posts"}],"about":[{"href":"https:\/\/www.elsindical.com.ar\/notas\/wp-json\/wp\/v2\/types\/post"}],"author":[{"embeddable":true,"href":"https:\/\/www.elsindical.com.ar\/notas\/wp-json\/wp\/v2\/users\/1"}],"replies":[{"embeddable":true,"href":"https:\/\/www.elsindical.com.ar\/notas\/wp-json\/wp\/v2\/comments?post=56472"}],"version-history":[{"count":1,"href":"https:\/\/www.elsindical.com.ar\/notas\/wp-json\/wp\/v2\/posts\/56472\/revisions"}],"predecessor-version":[{"id":56474,"href":"https:\/\/www.elsindical.com.ar\/notas\/wp-json\/wp\/v2\/posts\/56472\/revisions\/56474"}],"wp:attachment":[{"href":"https:\/\/www.elsindical.com.ar\/notas\/wp-json\/wp\/v2\/media?parent=56472"}],"wp:term":[{"taxonomy":"category","embeddable":true,"href":"https:\/\/www.elsindical.com.ar\/notas\/wp-json\/wp\/v2\/categories?post=56472"},{"taxonomy":"post_tag","embeddable":true,"href":"https:\/\/www.elsindical.com.ar\/notas\/wp-json\/wp\/v2\/tags?post=56472"}],"curies":[{"name":"wp","href":"https:\/\/api.w.org\/{rel}","templated":true}]}}