{"id":56469,"date":"2016-01-14T21:30:07","date_gmt":"2016-01-15T00:30:07","guid":{"rendered":"http:\/\/www.elsindical.com.ar\/notas\/?p=56469"},"modified":"2024-01-30T11:35:40","modified_gmt":"2024-01-30T14:35:40","slug":"denuncian-nueva-muerte-en-la-clinica-nuestra-senora-de-la-dulce-espera","status":"publish","type":"post","link":"https:\/\/www.elsindical.com.ar\/notas\/denuncian-nueva-muerte-en-la-clinica-nuestra-senora-de-la-dulce-espera\/","title":{"rendered":"Denuncian nueva muerte en la Cl\u00ednica Nuestra Se\u00f1ora de la Dulce Espera"},"content":{"rendered":"<p><a href=\"http:\/\/www.elsindical.com.ar\/notas\/var\/www\/html\/notas\/wp-content\/uploads\/2016\/01\/Cl\u00ednica-Nuestra-Se\u00f1ora-de-l.jpg\" rel=\"attachment wp-att-56470\"><img loading=\"lazy\" decoding=\"async\" class=\"alignnone size-medium wp-image-56470\" src=\"http:\/\/www.elsindical.com.ar\/notas\/var\/www\/html\/notas\/wp-content\/uploads\/2016\/01\/Cl\u00ednica-Nuestra-Se\u00f1ora-de-l-300x169.jpg\" alt=\"Cl\u00ednica-Nuestra-Se\u00f1ora-de-l\" width=\"300\" height=\"169\" srcset=\"https:\/\/www.elsindical.com.ar\/notas\/var\/www\/html\/notas\/wp-content\/uploads\/2016\/01\/Cl\u00ednica-Nuestra-Se\u00f1ora-de-l-300x169.jpg 300w, https:\/\/www.elsindical.com.ar\/notas\/var\/www\/html\/notas\/wp-content\/uploads\/2016\/01\/Cl\u00ednica-Nuestra-Se\u00f1ora-de-l-500x281.jpg 500w, https:\/\/www.elsindical.com.ar\/notas\/var\/www\/html\/notas\/wp-content\/uploads\/2016\/01\/Cl\u00ednica-Nuestra-Se\u00f1ora-de-l.jpg 620w\" sizes=\"auto, (max-width: 300px) 100vw, 300px\" \/><\/a>\u00a0<em> Una nueva denuncia en las redes sociales involucra a la Cl\u00ednica Nuestra Se\u00f1ora de la Dulce Espera de Sarand\u00ed en el partido de Avellaneda, a la que los medios de prensa denominaron como \u00abLa Cl\u00ednica del Horror\u00bb, la que sigui\u00f3 funcionando sin mayores problemas por la \u00abprotecci\u00f3n\u00bb de pol\u00edticos y funcionarios judiciales locales, adem\u00e1s de\u00a0allegados al entonces gobernador Daniel Scioli, hecho reconocido por el propio abogado medi\u00e1tico Fernando Burlando quien delante de los padres que reclamaban justicia, en la sala de audiencias del Ministerio de Salud, despleg\u00f3 sus \u00abplumas.\u00bb<\/em><\/p>\n<p>Textualmente publicaron:<\/p>\n<p>NUEVO FALLECIMIENTO DE UN BEBE EN .LA CLINICA NTRA SRA DE LA DULCE ESPERA<br \/>\nJueves 14 de Enero de 2016 | 10:08<br \/>\n<span class=\"text_exposed_show\"><br \/>\nLES QUERIA PEDIR AYUDA, YA QUE COMO HAN CAMBIADO LAS AUTORIDADES DEL PAIS, Y QUE EN EL DIA 5-1-16 FALLECE NUEVO BEBE, DE TERMINO, CON UN PESO DE 3800, ESTO ES GARRAFAL, XQ SIGUE EL DR \u00d1IQUE DE JEFE EN LA NEONATOLOGIA, SOLICITARIA SI PUEDEN INVESTIGAR Y CUALQUIER CONSULTA SE DIRIGUEN A MI, YO SOY PEDIATRA Y NEONATOLOGA, Y HE TRABAJADO HACE 15 A\u00d1OS, NO PUDIENDO DAR DATOS DE LA NEO XQ NO EXISTIA SI DE LO QUE ES LA DRA PANIZZA, X ESO CREO QUE SOY LA UNICA QUE AYUDA A ESTAS MAMAS, ANTONELA ABALO, LA MAMA DE NOEH QUE FALLECIO A LOS 3 MESES DE UNA BRONQUIOLITIS EN LA MISMA, FUE LA PROMOTARA, Y LO SIGUE SIENDO PERO LA JUSTICIA NO AYUDA, Y LOS GRANDES CONTACTOS QUE TIENE ESTA DRA.<\/span><\/p>\n<p>EL TEMA ES QUE SEGUIMOS IGUAL, COMO VA A FALLECER UN BEBE TAN ENTERO, LES QUERI PEDIR SI UD QUIEREN HACER UNA NOTA, YO LES SUMINISTRARIA EL NUMERO DE CELULAR DE LA MAMA QUE SE LLAMA ANDREA SANTILLAN, HAY QUE AYUDARLAS, Y ADEMAS PEDIR NUEVA AUDIENCIA CON LA NUEVA MINISTRA DE SALUD, DESDE YA MUCHAS GRACIAS. LILIANA BERNARDEZ<\/p>\n<p>TN y la gente<\/p>\n","protected":false},"excerpt":{"rendered":"<p>\u00a0 Una nueva denuncia en las redes sociales involucra a la Cl\u00ednica Nuestra Se\u00f1ora de la Dulce Espera de Sarand\u00ed en el partido de Avellaneda, a la que los medios de prensa denominaron como \u00abLa Cl\u00ednica del Horror\u00bb, la que sigui\u00f3 funcionando sin mayores problemas por la \u00abprotecci\u00f3n\u00bb de pol\u00edticos y funcionarios judiciales locales, adem\u00e1s&hellip;<\/p>\n","protected":false},"author":1,"featured_media":0,"comment_status":"open","ping_status":"open","sticky":false,"template":"","format":"standard","meta":{"footnotes":""},"categories":[6],"tags":[461,5499,19417,983,4080,134,2330],"class_list":["post-56469","post","type-post","status-publish","format-standard","hentry","category-denuncias","tag-avellaneda","tag-bebes","tag-clinica-nuestra-senora-de-la-dulce-espera","tag-daniel-scioli","tag-fernando-burlando","tag-muertes","tag-sarandi"],"_links":{"self":[{"href":"https:\/\/www.elsindical.com.ar\/notas\/wp-json\/wp\/v2\/posts\/56469","targetHints":{"allow":["GET"]}}],"collection":[{"href":"https:\/\/www.elsindical.com.ar\/notas\/wp-json\/wp\/v2\/posts"}],"about":[{"href":"https:\/\/www.elsindical.com.ar\/notas\/wp-json\/wp\/v2\/types\/post"}],"author":[{"embeddable":true,"href":"https:\/\/www.elsindical.com.ar\/notas\/wp-json\/wp\/v2\/users\/1"}],"replies":[{"embeddable":true,"href":"https:\/\/www.elsindical.com.ar\/notas\/wp-json\/wp\/v2\/comments?post=56469"}],"version-history":[{"count":2,"href":"https:\/\/www.elsindical.com.ar\/notas\/wp-json\/wp\/v2\/posts\/56469\/revisions"}],"predecessor-version":[{"id":67605,"href":"https:\/\/www.elsindical.com.ar\/notas\/wp-json\/wp\/v2\/posts\/56469\/revisions\/67605"}],"wp:attachment":[{"href":"https:\/\/www.elsindical.com.ar\/notas\/wp-json\/wp\/v2\/media?parent=56469"}],"wp:term":[{"taxonomy":"category","embeddable":true,"href":"https:\/\/www.elsindical.com.ar\/notas\/wp-json\/wp\/v2\/categories?post=56469"},{"taxonomy":"post_tag","embeddable":true,"href":"https:\/\/www.elsindical.com.ar\/notas\/wp-json\/wp\/v2\/tags?post=56469"}],"curies":[{"name":"wp","href":"https:\/\/api.w.org\/{rel}","templated":true}]}}