{"id":56463,"date":"2016-01-14T14:04:56","date_gmt":"2016-01-14T17:04:56","guid":{"rendered":"http:\/\/www.elsindical.com.ar\/notas\/?p=56463"},"modified":"2016-01-14T14:04:56","modified_gmt":"2016-01-14T17:04:56","slug":"una-programadora-argentina-invitada-al-foro-de-davos","status":"publish","type":"post","link":"https:\/\/www.elsindical.com.ar\/notas\/una-programadora-argentina-invitada-al-foro-de-davos\/","title":{"rendered":"Una programadora argentina, invitada al Foro de Davos"},"content":{"rendered":"<p><em><a href=\"http:\/\/www.elsindical.com.ar\/notas\/var\/www\/html\/notas\/wp-content\/uploads\/2016\/01\/Carolina-Hadad.jpg\" rel=\"attachment wp-att-56464\"><img loading=\"lazy\" decoding=\"async\" class=\"alignnone size-medium wp-image-56464\" src=\"http:\/\/www.elsindical.com.ar\/notas\/var\/www\/html\/notas\/wp-content\/uploads\/2016\/01\/Carolina-Hadad-300x192.jpg\" alt=\"Carolina-Hadad\" width=\"300\" height=\"192\" srcset=\"https:\/\/www.elsindical.com.ar\/notas\/var\/www\/html\/notas\/wp-content\/uploads\/2016\/01\/Carolina-Hadad-300x192.jpg 300w, https:\/\/www.elsindical.com.ar\/notas\/var\/www\/html\/notas\/wp-content\/uploads\/2016\/01\/Carolina-Hadad-469x300.jpg 469w, https:\/\/www.elsindical.com.ar\/notas\/var\/www\/html\/notas\/wp-content\/uploads\/2016\/01\/Carolina-Hadad.jpg 620w\" sizes=\"auto, (max-width: 300px) 100vw, 300px\" \/><\/a>Carolina Hadad es una de las 50 j\u00f3venes del mundo que asistir\u00e1 al Foro Econ\u00f3mico Mundial. Forma parte del Ministerio de Modernizaci\u00f3n y Girls in Tech Argentina, una organizaci\u00f3n que promueve la diversidad en el ambiente tecnol\u00f3gico.<\/em><\/p>\n<div>La ciudad suiza de Davos ser\u00e1 la sede entre el 20 y el 23 de enero del Foro Econ\u00f3mico Mundial, donde pol\u00edticos, empresarios, acad\u00e9micos y figuras sociales debatir\u00e1n sobre la \u00abcuarta revoluci\u00f3n industrial\u00bb: el momento que vive el mundo, donde el alcance de las innovaciones y productos es inmediato pero todav\u00eda desigual, con problemas ambientales y educativos.<\/div>\n<div><\/div>\n<div>Todos los a\u00f1os, los organizadores del encuentro convocan a 50 j\u00f3venes de menos de 30 a\u00f1os de todo el mundo. La elecci\u00f3n se realiza sobre los Global Shapers, una comunidad interdisciplinaria de j\u00f3venes que en su cap\u00edtulo de Buenos Aires nuclea emprendedores, artistas, arquitectos, deportistas, psic\u00f3logos y docentes.<\/div>\n<div><\/div>\n<div>La elecci\u00f3n de este a\u00f1o recay\u00f3 sobre Carolina Hadad, una programadora que podr\u00e1 codearse en el Foro de Davos con, entre otros, Bill Gates (fundador de Microsoft); Eric Schmidt (presidente ejecutivo de Google); Marissa Mayer (CEO de Yahoo!); y figuras mundiales como Bono, Leonardo DiCaprio y Kevin Spacey. Ser\u00e1n en total 2.500 los invitados entre l\u00edderes mundiales, empresarios, pol\u00edticos, acad\u00e9micos y artistas.<\/div>\n<div><\/div>\n<div>\n<div>La delegaci\u00f3n argentina estar\u00e1 formada por el presidente Mauricio Macri, Sergio Massa, la canciller Susana Malcorra y Marcos Pe\u00f1a, jefe de Gabinete.<\/div>\n<div><\/div>\n<div>Hadad forma parte de Girls in Tech Argentina, una organizaci\u00f3n que busca promover la diversidad en el ambiente tecnol\u00f3gico. Trabaja como coordinadora de Desarrollo en la Subsecretar\u00eda de Innovaci\u00f3n P\u00fablica y Gobierno Abierto del Ministerio de Modernizaci\u00f3n.<\/div>\n<div><\/div>\n<div>Antes form\u00f3 parte del Laboratorio de Gobierno de la Ciudad como Gerente Operativa de Innovaci\u00f3n Digital, de Manas y el iLab Latinoam\u00e9rica de InSTEDD, una organizaci\u00f3n que resuelve problem\u00e1ticas humanitarias creando tecnolog\u00eda.<\/div>\n<div><\/div>\n<div>Durante 2014 realiz\u00f3 una pasant\u00eda en las oficinas centrales de Google en Silicon Valley, trabaj\u00f3 como ayudante y divulgadora en Exactas en la UBA, y como mentora de clubes de programaci\u00f3n en bibliotecas p\u00fablicas de la Ciudad en Program\u00e1 tu Futuro. El a\u00f1o pasado dio una charla en TEDX C\u00f3rdoba.<\/div>\n<\/div>\n","protected":false},"excerpt":{"rendered":"<p>Carolina Hadad es una de las 50 j\u00f3venes del mundo que asistir\u00e1 al Foro Econ\u00f3mico Mundial. Forma parte del Ministerio de Modernizaci\u00f3n y Girls in Tech Argentina, una organizaci\u00f3n que promueve la diversidad en el ambiente tecnol\u00f3gico. La ciudad suiza de Davos ser\u00e1 la sede entre el 20 y el 23 de enero del Foro&hellip;<\/p>\n","protected":false},"author":1,"featured_media":0,"comment_status":"open","ping_status":"open","sticky":false,"template":"","format":"standard","meta":{"footnotes":""},"categories":[29],"tags":[127,22707,22711,22709,22710,22708,1646],"class_list":["post-56463","post","type-post","status-publish","format-standard","hentry","category-informatica","tag-argentina","tag-carolina-hadad","tag-davos","tag-foro-economico-mundial","tag-girls-in-tech-argentina","tag-programadora","tag-suiza"],"_links":{"self":[{"href":"https:\/\/www.elsindical.com.ar\/notas\/wp-json\/wp\/v2\/posts\/56463","targetHints":{"allow":["GET"]}}],"collection":[{"href":"https:\/\/www.elsindical.com.ar\/notas\/wp-json\/wp\/v2\/posts"}],"about":[{"href":"https:\/\/www.elsindical.com.ar\/notas\/wp-json\/wp\/v2\/types\/post"}],"author":[{"embeddable":true,"href":"https:\/\/www.elsindical.com.ar\/notas\/wp-json\/wp\/v2\/users\/1"}],"replies":[{"embeddable":true,"href":"https:\/\/www.elsindical.com.ar\/notas\/wp-json\/wp\/v2\/comments?post=56463"}],"version-history":[{"count":1,"href":"https:\/\/www.elsindical.com.ar\/notas\/wp-json\/wp\/v2\/posts\/56463\/revisions"}],"predecessor-version":[{"id":56465,"href":"https:\/\/www.elsindical.com.ar\/notas\/wp-json\/wp\/v2\/posts\/56463\/revisions\/56465"}],"wp:attachment":[{"href":"https:\/\/www.elsindical.com.ar\/notas\/wp-json\/wp\/v2\/media?parent=56463"}],"wp:term":[{"taxonomy":"category","embeddable":true,"href":"https:\/\/www.elsindical.com.ar\/notas\/wp-json\/wp\/v2\/categories?post=56463"},{"taxonomy":"post_tag","embeddable":true,"href":"https:\/\/www.elsindical.com.ar\/notas\/wp-json\/wp\/v2\/tags?post=56463"}],"curies":[{"name":"wp","href":"https:\/\/api.w.org\/{rel}","templated":true}]}}