{"id":56438,"date":"2016-01-13T05:24:32","date_gmt":"2016-01-13T08:24:32","guid":{"rendered":"http:\/\/www.elsindical.com.ar\/notas\/?p=56438"},"modified":"2016-01-13T05:24:32","modified_gmt":"2016-01-13T08:24:32","slug":"la-fstmpba-celebro-la-suspension-de-la-ley-14-656-por-180-dias-mediante-un-dnu","status":"publish","type":"post","link":"https:\/\/www.elsindical.com.ar\/notas\/la-fstmpba-celebro-la-suspension-de-la-ley-14-656-por-180-dias-mediante-un-dnu\/","title":{"rendered":"La FSTMPBA celebr\u00f3 la suspensi\u00f3n de la Ley 14.656 por 180 d\u00edas mediante un DNU"},"content":{"rendered":"<p><em><a href=\"http:\/\/www.elsindical.com.ar\/notas\/var\/www\/html\/notas\/wp-content\/uploads\/2016\/01\/Federaci\u00f3n-de-Sindicatos-de.jpg\" rel=\"attachment wp-att-56439\"><img loading=\"lazy\" decoding=\"async\" class=\"alignnone size-medium wp-image-56439\" src=\"http:\/\/www.elsindical.com.ar\/notas\/var\/www\/html\/notas\/wp-content\/uploads\/2016\/01\/Federaci\u00f3n-de-Sindicatos-de-300x225.jpg\" alt=\"Federaci\u00f3n-de-Sindicatos-de\" width=\"300\" height=\"225\" srcset=\"https:\/\/www.elsindical.com.ar\/notas\/var\/www\/html\/notas\/wp-content\/uploads\/2016\/01\/Federaci\u00f3n-de-Sindicatos-de-300x225.jpg 300w, https:\/\/www.elsindical.com.ar\/notas\/var\/www\/html\/notas\/wp-content\/uploads\/2016\/01\/Federaci\u00f3n-de-Sindicatos-de-401x300.jpg 401w, https:\/\/www.elsindical.com.ar\/notas\/var\/www\/html\/notas\/wp-content\/uploads\/2016\/01\/Federaci\u00f3n-de-Sindicatos-de.jpg 502w\" sizes=\"auto, (max-width: 300px) 100vw, 300px\" \/><\/a>\u00a0 Con la publicaci\u00f3n y difusi\u00f3n de un comunicado de prensa, la FSTMPBA, celebr\u00f3 la suspensi\u00f3n de una Ley mediante un Decreto de Necesidad y Urgencia que promulg\u00f3 el Gobierno de la Provincia de Buenos Aires, aduciendo que ahora se abr\u00eda la posibilidad de nuevas \u201cnegociaciones\u201d.<\/em><\/p>\n<p>Con un comunicado que hicieron p\u00fablico en su p\u00e1gina institucional y enviaron a los medios de prensa, la FSTMPBA, que encabeza el patriarcal Secretario General Osar Ruggiero, hicieron saber que la organizaci\u00f3n sindical, apoyaba y hasta celebraba la suspensi\u00f3n de la Ley 14.656 mediante un DNU que firm\u00f3 la gobernadora Mar\u00eda Eugenia Vidal, demostrando una vez m\u00e1s que dicha federaci\u00f3n se pone de espaldas a los intereses de los trabajadores y privilegia sus propios intereses que no son justamente la defensa de los derechos de los trabajadores.<\/p>\n<p>Tal y como ya lo ha hecho en el partido de Avellaneda al apoyar y darle un respaldo jur\u00eddico, adem\u00e1s de un espacio a UMA (Uni\u00f3n Municipales de Avellaneda) que lidera el \u201cdelegado\u201d Daniel Aversa, con la \u00fanica intensi\u00f3n de debilitar al STMA, en la lucha que estos llevan con el intendente Jorge Ferraresi.<\/p>\n<p>Es de una gravedad importante que una Ley quede trunca mediante un Decreto, debilita a las instituciones y perjudica directamente a los empleados municipales.<\/p>\n<p>Atenta la medida contra el concepto de Rep\u00fablica y un gobierno por nuevo que sea no puede apartarse de esta regla.<\/p>\n<p>Los trabajadores deber\u00e1n estar muy atentos en quienes conf\u00edan para financiar con su cuota a la hora de tomar decisiones.<\/p>\n","protected":false},"excerpt":{"rendered":"<p>\u00a0 Con la publicaci\u00f3n y difusi\u00f3n de un comunicado de prensa, la FSTMPBA, celebr\u00f3 la suspensi\u00f3n de una Ley mediante un Decreto de Necesidad y Urgencia que promulg\u00f3 el Gobierno de la Provincia de Buenos Aires, aduciendo que ahora se abr\u00eda la posibilidad de nuevas \u201cnegociaciones\u201d. Con un comunicado que hicieron p\u00fablico en su p\u00e1gina&hellip;<\/p>\n","protected":false},"author":1,"featured_media":0,"comment_status":"open","ping_status":"open","sticky":false,"template":"","format":"standard","meta":{"footnotes":""},"categories":[16],"tags":[18556,2187,19336,21658,7265,19335,3141,19083],"class_list":["post-56438","post","type-post","status-publish","format-standard","hentry","category-gremiales","tag-daniel-aversa","tag-dnu","tag-fstmpba","tag-ley-14-656","tag-maria-eugenia-vidal","tag-oscar-ruggiero","tag-stma","tag-uma"],"_links":{"self":[{"href":"https:\/\/www.elsindical.com.ar\/notas\/wp-json\/wp\/v2\/posts\/56438","targetHints":{"allow":["GET"]}}],"collection":[{"href":"https:\/\/www.elsindical.com.ar\/notas\/wp-json\/wp\/v2\/posts"}],"about":[{"href":"https:\/\/www.elsindical.com.ar\/notas\/wp-json\/wp\/v2\/types\/post"}],"author":[{"embeddable":true,"href":"https:\/\/www.elsindical.com.ar\/notas\/wp-json\/wp\/v2\/users\/1"}],"replies":[{"embeddable":true,"href":"https:\/\/www.elsindical.com.ar\/notas\/wp-json\/wp\/v2\/comments?post=56438"}],"version-history":[{"count":1,"href":"https:\/\/www.elsindical.com.ar\/notas\/wp-json\/wp\/v2\/posts\/56438\/revisions"}],"predecessor-version":[{"id":56440,"href":"https:\/\/www.elsindical.com.ar\/notas\/wp-json\/wp\/v2\/posts\/56438\/revisions\/56440"}],"wp:attachment":[{"href":"https:\/\/www.elsindical.com.ar\/notas\/wp-json\/wp\/v2\/media?parent=56438"}],"wp:term":[{"taxonomy":"category","embeddable":true,"href":"https:\/\/www.elsindical.com.ar\/notas\/wp-json\/wp\/v2\/categories?post=56438"},{"taxonomy":"post_tag","embeddable":true,"href":"https:\/\/www.elsindical.com.ar\/notas\/wp-json\/wp\/v2\/tags?post=56438"}],"curies":[{"name":"wp","href":"https:\/\/api.w.org\/{rel}","templated":true}]}}