{"id":5622,"date":"2010-04-17T00:22:41","date_gmt":"2010-04-17T03:22:41","guid":{"rendered":"http:\/\/www.elsindical.com.ar\/notas\/?p=5622"},"modified":"2010-04-17T00:22:41","modified_gmt":"2010-04-17T03:22:41","slug":"efemerides-del-dia-17-de-abril","status":"publish","type":"post","link":"https:\/\/www.elsindical.com.ar\/notas\/efemerides-del-dia-17-de-abril\/","title":{"rendered":"EFEM\u00c9RIDES: DEL D\u00cdA 17 DE ABRIL"},"content":{"rendered":"<p style=\"text-align: justify;\"><a href=\"http:\/\/www.elsindical.com.ar\/notas\/var\/www\/html\/notas\/wp-content\/uploads\/2010\/04\/Bah\u00eda-de-Cochinos.jpg\"><img loading=\"lazy\" decoding=\"async\" class=\"alignleft size-full wp-image-5623\" title=\"Bah\u00eda-de-Cochinos\" src=\"http:\/\/www.elsindical.com.ar\/notas\/var\/www\/html\/notas\/wp-content\/uploads\/2010\/04\/Bah\u00eda-de-Cochinos.jpg\" alt=\"\" width=\"207\" height=\"197\" \/><\/a>En un 17 de abril, pero de 1961, unos 1.500 exiliados cubanos en Estados Unidos inician un desembarco en Bah\u00eda de Cochinos (Cuba), en un intento frustrado de derrocar a Fidel Castro con el apoyo de la CIA estadounidense.<\/p>\n<p style=\"text-align: justify;\">1492- Firma del primer convenio entre los Reyes Cat\u00f3licos y Col\u00f3n, a fin de que \u00e9ste pudiera realizar su viaje a tierras desconocidas.<\/p>\n<p style=\"text-align: justify;\">1521- Lutero comparece ante la Dieta de Worms y no se retracta de sus escritos.<\/p>\n<p style=\"text-align: justify;\">1535- Antonio de Mendoza es nombrado primer virrey de Nueva Espa\u00f1a (M\u00e9xico).<\/p>\n<p style=\"text-align: justify;\">1582- Hernando de Lerma funda la ciudad argentina de San Felipe de Lerma, actual Salta.<\/p>\n<p style=\"text-align: justify;\">1695- Fallece Juana In\u00e9s de la Cruz, poetisa mexicana.<\/p>\n<p style=\"text-align: justify;\">1752- El rey Fernando VI funda en Madrid la Real Academia de Bellas Artes de San Fernando.<\/p>\n<p style=\"text-align: justify;\">1790- Fallece Benjam\u00edn Franklin, diplom\u00e1tico e inventor estadounidense.<\/p>\n<p style=\"text-align: justify;\">1797- Una flota inglesa ataca San Juan de Puerto Rico, defendida por el Gobernador General Ram\u00f3n de Castro, con intenci\u00f3n de conquistar la isla.<\/p>\n<p style=\"text-align: justify;\">1830- Batalla de Lircay (Chile), en la que el presidente provisional, Ram\u00f3n Freire, al frente de un Ej\u00e9rcito, presenta combate a conservadores (\u00abpelucones\u00bb) y moderados (\u00abestanqueros\u00bb).<\/p>\n<p style=\"text-align: justify;\">Freire muri\u00f3 en el campo de batalla.<\/p>\n<p style=\"text-align: justify;\">1855- Guerra de Crimea. Una escuadra aliada destruye la ciudad de Petropaulowski, en la pen\u00ednsula de Kamchatka.<\/p>\n<p style=\"text-align: justify;\">1861- El Estado de Virginia se separa de la Uni\u00f3n norteamericana.<\/p>\n<p style=\"text-align: justify;\">1867- Nace Mar\u00eda Guerrero, actriz espa\u00f1ola.<\/p>\n<p style=\"text-align: justify;\">1894- Nace Nikita Kruschev, dirigente sovi\u00e9tico.<\/p>\n<p style=\"text-align: justify;\">1895- Fallece Jorge Isaacs, escritor colombiano.<\/p>\n<p style=\"text-align: justify;\">1897- Turqu\u00eda declara la guerra a Grecia.<\/p>\n<p style=\"text-align: justify;\">1898- Guerra de Cuba. El senado de EEUU, por 67 votos contra 21, proclama la independencia de la isla de Cuba.<\/p>\n<p style=\"text-align: justify;\">1916- Nace Sirimavo Bandaranaike, ex primera ministra de Ceil\u00e1n, hoy Sri Lanka.<\/p>\n<p style=\"text-align: justify;\">1918- Nace Willian Holden, actor norteamericano.<\/p>\n<p style=\"text-align: justify;\">1919- La Asamblea Nacional francesa aprueba la jornada laboral de ocho horas.<\/p>\n<p style=\"text-align: justify;\">1919- Nace Chavela Vargas, cantante mexicana.<\/p>\n<p style=\"text-align: justify;\">1925- El general Gerardo Machado, proclamado presidente de Cuba por el Parlamento.<\/p>\n<p style=\"text-align: justify;\">1934- Le\u00f3n Trostki es expulsado de Francia.<\/p>\n<p style=\"text-align: justify;\">1935- La Sociedad de Naciones condena un\u00e1nimemente el rearme alem\u00e1n.<\/p>\n<p style=\"text-align: justify;\">1941- II Guerra mundial: Yugoslavia se rinde ante la superioridad alemana.<\/p>\n<p style=\"text-align: justify;\">1941- Tropas brit\u00e1nicas entran en Irak.<\/p>\n<p style=\"text-align: justify;\">1946- Nace Georg Kohler, bi\u00f3logo alem\u00e1n, Nobel de Medicina 1984.<\/p>\n<p style=\"text-align: justify;\">1956- EEUU presenta el avi\u00f3n \u00abLockheed F-104 Starfighter\u00bb, que puede volar a doble velocidad que el sonido y transportar armas at\u00f3micas.<\/p>\n<p style=\"text-align: justify;\">1958- Se inaugura en Bruselas la Exposici\u00f3n Universal, inspirada en acontecimientos cient\u00edficos y con la participaci\u00f3n de 51 naciones y varias organizaciones internacionales.<\/p>\n<p style=\"text-align: justify;\">1964- Inauguraci\u00f3n de la mayor central de bombeo de carburante del mundo en Vianden (Luxemburgo).<\/p>\n<p style=\"text-align: justify;\">1967- El presidente chino, Liu Chao-Chi, es acusado de haber organizado en febrero de ese a\u00f1o un golpe de Estado contra Mao Tse-Tung.<\/p>\n<p style=\"text-align: justify;\">1969- El secretario general del Partido Comunista Checo, Alexander Dubcek, es sustituido en el Comit\u00e9 Central por Gustav Husak, contrario a las reformas democr\u00e1ticas.<\/p>\n<p style=\"text-align: justify;\">1975- Las fuerzas comunistas de los \u00abjemeres rojos\u00bb entran en Pnom-Penh, la capital de Camboya.<\/p>\n<p style=\"text-align: justify;\">1982- Canad\u00e1 adquiere total independencia de Gran Breta\u00f1a con la aprobaci\u00f3n de la nueva Constituci\u00f3n del pa\u00eds.<\/p>\n<p style=\"text-align: justify;\">1986- Tres rehenes brit\u00e1nicos, secuestrados en L\u00edbano, son asesinados como represalia por la utilizaci\u00f3n de bases a\u00e9reas brit\u00e1nicas por las fuerzas de EEUU que bombardearon Libia.<\/p>\n<p style=\"text-align: justify;\">1986- Fallece Marcel Dassault, constructor de aviones franc\u00e9s.<\/p>\n<p style=\"text-align: justify;\">1989- Los uruguayos legitiman en refer\u00e9ndum, con un 57,22 por cien de votos, la ley que exculpa a los militares de la dictadura.<\/p>\n<p style=\"text-align: justify;\">1993- Fallece Turgut Ozal, presidente de Turqu\u00eda.<\/p>\n<p style=\"text-align: justify;\">1996- Fallece Jos\u00e9 Luis L\u00f3pez Aranguren, fil\u00f3sofo espa\u00f1ol.<\/p>\n<p style=\"text-align: justify;\">1997- Fallece Haim Herzog, sexto presidente de Israel.<\/p>\n<p style=\"text-align: justify;\">2003- Fallece Paul Getty, multimillonario brit\u00e1nico.<\/p>\n<p style=\"text-align: justify;\">2004- El l\u00edder de Hamas, Abdel As\u00eds Rantisi, es asesinado en Gaza por dos cohetes disparados por helic\u00f3pteros israel\u00edes.<\/p>\n","protected":false},"excerpt":{"rendered":"<p>En un 17 de abril, pero de 1961, unos 1.500 exiliados cubanos en Estados Unidos inician un desembarco en Bah\u00eda de Cochinos (Cuba), en un intento frustrado de derrocar a Fidel Castro con el apoyo de la CIA estadounidense. 1492- Firma del primer convenio entre los Reyes Cat\u00f3licos y Col\u00f3n, a fin de que \u00e9ste&hellip;<\/p>\n","protected":false},"author":1,"featured_media":0,"comment_status":"open","ping_status":"open","sticky":false,"template":"","format":"standard","meta":{"footnotes":""},"categories":[14],"tags":[],"class_list":["post-5622","post","type-post","status-publish","format-standard","hentry","category-efemerides"],"_links":{"self":[{"href":"https:\/\/www.elsindical.com.ar\/notas\/wp-json\/wp\/v2\/posts\/5622","targetHints":{"allow":["GET"]}}],"collection":[{"href":"https:\/\/www.elsindical.com.ar\/notas\/wp-json\/wp\/v2\/posts"}],"about":[{"href":"https:\/\/www.elsindical.com.ar\/notas\/wp-json\/wp\/v2\/types\/post"}],"author":[{"embeddable":true,"href":"https:\/\/www.elsindical.com.ar\/notas\/wp-json\/wp\/v2\/users\/1"}],"replies":[{"embeddable":true,"href":"https:\/\/www.elsindical.com.ar\/notas\/wp-json\/wp\/v2\/comments?post=5622"}],"version-history":[{"count":1,"href":"https:\/\/www.elsindical.com.ar\/notas\/wp-json\/wp\/v2\/posts\/5622\/revisions"}],"predecessor-version":[{"id":5624,"href":"https:\/\/www.elsindical.com.ar\/notas\/wp-json\/wp\/v2\/posts\/5622\/revisions\/5624"}],"wp:attachment":[{"href":"https:\/\/www.elsindical.com.ar\/notas\/wp-json\/wp\/v2\/media?parent=5622"}],"wp:term":[{"taxonomy":"category","embeddable":true,"href":"https:\/\/www.elsindical.com.ar\/notas\/wp-json\/wp\/v2\/categories?post=5622"},{"taxonomy":"post_tag","embeddable":true,"href":"https:\/\/www.elsindical.com.ar\/notas\/wp-json\/wp\/v2\/tags?post=5622"}],"curies":[{"name":"wp","href":"https:\/\/api.w.org\/{rel}","templated":true}]}}