{"id":5618,"date":"2010-04-16T14:49:00","date_gmt":"2010-04-16T17:49:00","guid":{"rendered":"http:\/\/www.elsindical.com.ar\/notas\/?p=5618"},"modified":"2010-04-16T14:49:00","modified_gmt":"2010-04-16T17:49:00","slug":"quilmes-detienen-a-banda-de-delincuentes","status":"publish","type":"post","link":"https:\/\/www.elsindical.com.ar\/notas\/quilmes-detienen-a-banda-de-delincuentes\/","title":{"rendered":"Quilmes: Detienen a banda de delincuentes"},"content":{"rendered":"<p style=\"text-align: justify;\"><em><a href=\"http:\/\/www.elsindical.com.ar\/notas\/var\/www\/html\/notas\/wp-content\/uploads\/2010\/04\/banda-robos-Quilmes-det.jpg\"><img loading=\"lazy\" decoding=\"async\" class=\"alignleft size-full wp-image-5619\" title=\"banda-robos-Quilmes-det\" src=\"http:\/\/www.elsindical.com.ar\/notas\/var\/www\/html\/notas\/wp-content\/uploads\/2010\/04\/banda-robos-Quilmes-det.jpg\" alt=\"\" width=\"227\" height=\"200\" \/><\/a>La Direcci\u00f3n de Investigaciones de Quilmes detuvo a seis personas dedicadas a cometer robos contra viviendas bajo la modalidad de salidera. Efectuaban inteligencia sobre los objetivos y sus tenencias personales.<\/em><\/p>\n<p style=\"text-align: justify;\">Esta banda efectuaba inteligenca sobre los objetivos para establecer los movimientos de los residentes y aprovechaban para ingresar cuando ten\u00edan la constancia de que nadie se encontraba en la residencia. Adem\u00e1s, determinaban los movimientos de dinero que efectuaban las victimas elegidas .<\/p>\n<p>Tras varios dias de recolecci\u00f3n de datos, se llevaron a cabo una serie de allanamientos en cinco domicilios de las zonas de Berazategui y Ezpeleta y Quilmes donde se incautaron diversos elementos entre ellos electrodomesticos, alhajas, relojes, telefonos celulares ,dos playsation y armas.<\/p>\n<p>Finalmente, y tras la detenci\u00f3n de estas seis personas, se las imput\u00f3 por los delitos de asociaci\u00f3n il\u00edcita, robo reiterado, tenencia ilegal de arma de guerra y tenencia ilegal de arma de uso civil.<\/p>\n","protected":false},"excerpt":{"rendered":"<p>La Direcci\u00f3n de Investigaciones de Quilmes detuvo a seis personas dedicadas a cometer robos contra viviendas bajo la modalidad de salidera. Efectuaban inteligencia sobre los objetivos y sus tenencias personales. Esta banda efectuaba inteligenca sobre los objetivos para establecer los movimientos de los residentes y aprovechaban para ingresar cuando ten\u00edan la constancia de que nadie&hellip;<\/p>\n","protected":false},"author":1,"featured_media":0,"comment_status":"open","ping_status":"open","sticky":false,"template":"","format":"standard","meta":{"footnotes":""},"categories":[22],"tags":[424,997,1991,581,742,30,684],"class_list":["post-5618","post","type-post","status-publish","format-standard","hentry","category-policiales","tag-armas","tag-banda","tag-ddi","tag-delincuentes","tag-detenidos","tag-policia","tag-quilmes"],"_links":{"self":[{"href":"https:\/\/www.elsindical.com.ar\/notas\/wp-json\/wp\/v2\/posts\/5618","targetHints":{"allow":["GET"]}}],"collection":[{"href":"https:\/\/www.elsindical.com.ar\/notas\/wp-json\/wp\/v2\/posts"}],"about":[{"href":"https:\/\/www.elsindical.com.ar\/notas\/wp-json\/wp\/v2\/types\/post"}],"author":[{"embeddable":true,"href":"https:\/\/www.elsindical.com.ar\/notas\/wp-json\/wp\/v2\/users\/1"}],"replies":[{"embeddable":true,"href":"https:\/\/www.elsindical.com.ar\/notas\/wp-json\/wp\/v2\/comments?post=5618"}],"version-history":[{"count":2,"href":"https:\/\/www.elsindical.com.ar\/notas\/wp-json\/wp\/v2\/posts\/5618\/revisions"}],"predecessor-version":[{"id":5621,"href":"https:\/\/www.elsindical.com.ar\/notas\/wp-json\/wp\/v2\/posts\/5618\/revisions\/5621"}],"wp:attachment":[{"href":"https:\/\/www.elsindical.com.ar\/notas\/wp-json\/wp\/v2\/media?parent=5618"}],"wp:term":[{"taxonomy":"category","embeddable":true,"href":"https:\/\/www.elsindical.com.ar\/notas\/wp-json\/wp\/v2\/categories?post=5618"},{"taxonomy":"post_tag","embeddable":true,"href":"https:\/\/www.elsindical.com.ar\/notas\/wp-json\/wp\/v2\/tags?post=5618"}],"curies":[{"name":"wp","href":"https:\/\/api.w.org\/{rel}","templated":true}]}}