{"id":56068,"date":"2015-12-29T18:59:54","date_gmt":"2015-12-29T21:59:54","guid":{"rendered":"http:\/\/www.elsindical.com.ar\/notas\/?p=56068"},"modified":"2015-12-29T18:59:54","modified_gmt":"2015-12-29T21:59:54","slug":"tragedia-de-once-8-anos-de-prision-para-schiavi-y-6-anos-para-jaime","status":"publish","type":"post","link":"https:\/\/www.elsindical.com.ar\/notas\/tragedia-de-once-8-anos-de-prision-para-schiavi-y-6-anos-para-jaime\/","title":{"rendered":"Tragedia de Once: 8 a\u00f1os de prisi\u00f3n para Schiavi y 6 a\u00f1os para Jaime"},"content":{"rendered":"<p><em><a href=\"http:\/\/www.elsindical.com.ar\/notas\/var\/www\/html\/notas\/wp-content\/uploads\/2015\/12\/tragedia-Once-condenas.jpg\" rel=\"attachment wp-att-56069\"><img loading=\"lazy\" decoding=\"async\" class=\"alignnone size-medium wp-image-56069\" src=\"http:\/\/www.elsindical.com.ar\/notas\/var\/www\/html\/notas\/wp-content\/uploads\/2015\/12\/tragedia-Once-condenas-300x169.jpg\" alt=\"tragedia-Once-condenas\" width=\"300\" height=\"169\" srcset=\"https:\/\/www.elsindical.com.ar\/notas\/var\/www\/html\/notas\/wp-content\/uploads\/2015\/12\/tragedia-Once-condenas-300x169.jpg 300w, https:\/\/www.elsindical.com.ar\/notas\/var\/www\/html\/notas\/wp-content\/uploads\/2015\/12\/tragedia-Once-condenas-500x281.jpg 500w, https:\/\/www.elsindical.com.ar\/notas\/var\/www\/html\/notas\/wp-content\/uploads\/2015\/12\/tragedia-Once-condenas.jpg 620w\" sizes=\"auto, (max-width: 300px) 100vw, 300px\" \/><\/a>\u00a0 Marcos Antonio C\u00f3rdoba, motorman de la formaci\u00f3n que colision\u00f3 el 22 de febrero de 2012 y provoc\u00f3 51 muertes y 789 heridos, fue condenado a tres a\u00f1os y seis meses.<\/em><\/p>\n<p>El Tribunal Oral en lo Criminal Federal N\u00b0 2 de la Ciudad conden\u00f3 en fallo un\u00e1nime a los ex secretarios de Transporte <b>Juan Pablo Schiavi y Ricardo Jaime a 8 y 6 a\u00f1os de prisi\u00f3n<\/b> respectivamente, por la tragedia de Once ocurrida el 22 de febrero de 2012 y que provoc\u00f3 la muerte de 51 personas y una por nacer, adem\u00e1s de 789 lesionados.<\/p>\n<p>Schiavi fue tambi\u00e9n <b>inhabilitado de manera perpetua<\/b> para ejercer cargos p\u00fablicos. En el caso de Jaime, el tribunal decidi\u00f3 darle una condena \u00fanica, unificando las otras causas que ten\u00eda pendientes tras su paso por la funci\u00f3n p\u00fablica.<\/p>\n<p>La pena m\u00e1s alta fue para el ex due\u00f1o de TBA Sergio Claudio Cirigliano, condenado a 9 a\u00f1os de prisi\u00f3n. En tanto, Marcos Antonio C\u00f3rdoba, el motorman de la formaci\u00f3n, fue condenado a tres a\u00f1os y seis meses de prisi\u00f3n por el delito de descarrilamiento culposo.<\/p>\n<p>El resto de las penas fueron las siguientes: Marcelo Alberto Calder\u00f3n (Director de Cometrans), 8 a\u00f1os; Jorge \u00c1lvarez (Directivo de TBA), 8 a\u00f1os; Sergio Daniel Tempone (Gerente de Operaciones de TBA), 7 a\u00f1os; Carlo Michele Ferrari (Presidente de TBA), 6 a\u00f1os; Roque \u00c1ngel Cirigliano (Jefe de Material Rodante de TBA), 5 a\u00f1os; Antonio Marcelo Su\u00e1rez (Director de TBA), 5 a\u00f1os; Laura A\u00edda Ballesteros (Directora de TBA), 5 a\u00f1os; Guillermo Antonio D&#8217;Abenigno (Director de TBA), 5 a\u00f1os; Jorge Alberto De Los Reyes (vicepresidente de TBA), 6 a\u00f1os; Daniel Guido Lodola (Gerente de la l\u00ednea Sarmiento), 3 a\u00f1os de prisi\u00f3n de ejecuci\u00f3n condicional; Pedro Roque Raineri (Directivo de TBA), 4 a\u00f1os; Oscar Alberto Gariboglio (vicepresidente de Cometrans), 4 a\u00f1os; Jos\u00e9 Doce Portas (Director de Cometrans), 4 a\u00f1os; Carlos Esteban Pont Verges (Director de TBA), 6 a\u00f1os; Francisco Adalberto Pafumi (Directivo de TBA), 5 a\u00f1os; V\u00edctor Eduardo Astrella (Director de TBA), 5 a\u00f1os; Alejandro Rub\u00e9n Lopardo (Director de Cometrans), 4 a\u00f1os.<\/p>\n<p>Adem\u00e1s, <b>el tribunal orden\u00f3 investigar al ex ministro de Planificaci\u00f3n Julio De Vido<\/b> por su eventual responsabilidad en la tragedia de Once ante \u00ablas graves falencias del sistema p\u00fablico ferroviario y de las empresas prestatarias\u00bb. En ese sentido, el veredicto de los magistrados orden\u00f3 que \u00abse investigue la posible responsabilidad penal en los hechos aqu\u00ed juzgados por parte de Julio Miguel De Vido\u00bb y otros funcionarios de los gobiernos de N\u00e9stor y Cristina Kirchner\u00bb.<\/p>\n<p>En tanto, el tribunal absolvi\u00f3 a Daniel Fernando Rubio, Luis Alberto Ninona, Mario Francisco Cirigliano, Miguel Werba, Carlos Alberto Lluch, Pedro Ochoa Romero y Antonio Eduardo S\u00edcaro. Los jueces difirieron la lectura de los fundamentos de la sentencia para el 30 de marzo pr\u00f3ximo, a las 13:00 hs.<\/p>\n<p>El veredicto fue le\u00eddo a casi dos a\u00f1os del inicio del juicio oral que investig\u00f3 la tragedia ferroviaria en la l\u00ednea Sarmiento. El tribunal estuvo integrado por los jueces Jorge Alberto Tassara, Jorge Luciano Gorini, Rodrigo Gim\u00e9nez Uriburu y Ana D&#8217;Alessio, esta \u00faltima en calidad de jueza sustituta.<\/p>\n<p>&nbsp;<\/p>\n<p><em><strong>Fuente: Infobae<\/strong><\/em><\/p>\n","protected":false},"excerpt":{"rendered":"<p>\u00a0 Marcos Antonio C\u00f3rdoba, motorman de la formaci\u00f3n que colision\u00f3 el 22 de febrero de 2012 y provoc\u00f3 51 muertes y 789 heridos, fue condenado a tres a\u00f1os y seis meses. El Tribunal Oral en lo Criminal Federal N\u00b0 2 de la Ciudad conden\u00f3 en fallo un\u00e1nime a los ex secretarios de Transporte Juan Pablo&hellip;<\/p>\n","protected":false},"author":1,"featured_media":0,"comment_status":"open","ping_status":"open","sticky":false,"template":"","format":"standard","meta":{"footnotes":""},"categories":[20],"tags":[516,131,1629,399],"class_list":["post-56068","post","type-post","status-publish","format-standard","hentry","category-judiciales","tag-juicio-oral","tag-julio-de-vido","tag-once","tag-tba"],"_links":{"self":[{"href":"https:\/\/www.elsindical.com.ar\/notas\/wp-json\/wp\/v2\/posts\/56068","targetHints":{"allow":["GET"]}}],"collection":[{"href":"https:\/\/www.elsindical.com.ar\/notas\/wp-json\/wp\/v2\/posts"}],"about":[{"href":"https:\/\/www.elsindical.com.ar\/notas\/wp-json\/wp\/v2\/types\/post"}],"author":[{"embeddable":true,"href":"https:\/\/www.elsindical.com.ar\/notas\/wp-json\/wp\/v2\/users\/1"}],"replies":[{"embeddable":true,"href":"https:\/\/www.elsindical.com.ar\/notas\/wp-json\/wp\/v2\/comments?post=56068"}],"version-history":[{"count":1,"href":"https:\/\/www.elsindical.com.ar\/notas\/wp-json\/wp\/v2\/posts\/56068\/revisions"}],"predecessor-version":[{"id":56070,"href":"https:\/\/www.elsindical.com.ar\/notas\/wp-json\/wp\/v2\/posts\/56068\/revisions\/56070"}],"wp:attachment":[{"href":"https:\/\/www.elsindical.com.ar\/notas\/wp-json\/wp\/v2\/media?parent=56068"}],"wp:term":[{"taxonomy":"category","embeddable":true,"href":"https:\/\/www.elsindical.com.ar\/notas\/wp-json\/wp\/v2\/categories?post=56068"},{"taxonomy":"post_tag","embeddable":true,"href":"https:\/\/www.elsindical.com.ar\/notas\/wp-json\/wp\/v2\/tags?post=56068"}],"curies":[{"name":"wp","href":"https:\/\/api.w.org\/{rel}","templated":true}]}}