{"id":56009,"date":"2015-12-26T17:04:46","date_gmt":"2015-12-26T20:04:46","guid":{"rendered":"http:\/\/www.elsindical.com.ar\/notas\/?p=56009"},"modified":"2015-12-26T17:04:46","modified_gmt":"2015-12-26T20:04:46","slug":"la-cta-micheli-adhiere-al-paro-nacional-de-ate","status":"publish","type":"post","link":"https:\/\/www.elsindical.com.ar\/notas\/la-cta-micheli-adhiere-al-paro-nacional-de-ate\/","title":{"rendered":"La CTA Micheli adhiere al paro nacional de ATE"},"content":{"rendered":"<p class=\"copete\"><em>\u00a0<a href=\"http:\/\/www.elsindical.com.ar\/notas\/var\/www\/html\/notas\/wp-content\/uploads\/2015\/12\/Pablo-Micheli-discurso.jpg\" rel=\"attachment wp-att-56010\"><img loading=\"lazy\" decoding=\"async\" class=\"alignnone size-medium wp-image-56010\" src=\"http:\/\/www.elsindical.com.ar\/notas\/var\/www\/html\/notas\/wp-content\/uploads\/2015\/12\/Pablo-Micheli-discurso-300x176.jpg\" alt=\"Pablo-Micheli-discurso\" width=\"300\" height=\"176\" srcset=\"https:\/\/www.elsindical.com.ar\/notas\/var\/www\/html\/notas\/wp-content\/uploads\/2015\/12\/Pablo-Micheli-discurso-300x176.jpg 300w, https:\/\/www.elsindical.com.ar\/notas\/var\/www\/html\/notas\/wp-content\/uploads\/2015\/12\/Pablo-Micheli-discurso-500x294.jpg 500w, https:\/\/www.elsindical.com.ar\/notas\/var\/www\/html\/notas\/wp-content\/uploads\/2015\/12\/Pablo-Micheli-discurso.jpg 620w\" sizes=\"auto, (max-width: 300px) 100vw, 300px\" \/><\/a> Los gremios de la central se suman a la jornada de lucha convocada por el asociaci\u00f3n de trabajadores estatales que conduce Hugo \u00abCachorro\u00bb Godoy.<\/em><\/p>\n<p>La <strong>CTA Aut\u00f3noma <\/strong>que lidera <strong>Pablo Micheli<\/strong> anunci\u00f3 que \u00abadhiere y convoca\u00bb a la jornada nacional de lucha con paros y movilizaciones impulsada por la Asociaci\u00f3n de Trabajadores del Estado (ATE).<\/p>\n<p>La huelga tendr\u00e1 lugar el <strong>pr\u00f3ximo 29 de diciembre <\/strong>en todo el pa\u00eds, seg\u00fan lo dispuesto por el Consejo Directivo Nacional que conduce <strong>Hugo \u00abCachorro\u00bb Godoy<\/strong>, para exigir estabilidad laboral, un bono navide\u00f1o y la convocatoria urgente a paritarias.<\/p>\n<p>\u00abAnte la<strong> escalada inflacionaria y la falta de respuestas<\/strong> del Gobierno nacional, la CTA profundiza su reclamo contra el trabajo precario, por la estabilidad y continuidad laboral de todos los trabajadores, por el bono de fin de a\u00f1o y la reapertura de paritarias\u00bb, destac\u00f3 la central.<\/p>\n<p>A trav\u00e9s de un comunicado, la <strong>CTA Micheli <\/strong>inform\u00f3 que en la Ciudad de Buenos Aires se <strong>marchar\u00e1 al Ministerio de Trabajo <\/strong>de la Naci\u00f3n, con previa concentraci\u00f3n en la intersecci\u00f3n de las avenidas Leandro N. Alem y Corrientes, a las 11:00 horas.<\/p>\n","protected":false},"excerpt":{"rendered":"<p>\u00a0 Los gremios de la central se suman a la jornada de lucha convocada por el asociaci\u00f3n de trabajadores estatales que conduce Hugo \u00abCachorro\u00bb Godoy. La CTA Aut\u00f3noma que lidera Pablo Micheli anunci\u00f3 que \u00abadhiere y convoca\u00bb a la jornada nacional de lucha con paros y movilizaciones impulsada por la Asociaci\u00f3n de Trabajadores del Estado&hellip;<\/p>\n","protected":false},"author":1,"featured_media":0,"comment_status":"open","ping_status":"open","sticky":false,"template":"","format":"standard","meta":{"footnotes":""},"categories":[16],"tags":[290,184,22112,4023,67],"class_list":["post-56009","post","type-post","status-publish","format-standard","hentry","category-gremiales","tag-ate","tag-cta","tag-hugo-cachorro-godoy","tag-pablo-micheli","tag-paro"],"_links":{"self":[{"href":"https:\/\/www.elsindical.com.ar\/notas\/wp-json\/wp\/v2\/posts\/56009","targetHints":{"allow":["GET"]}}],"collection":[{"href":"https:\/\/www.elsindical.com.ar\/notas\/wp-json\/wp\/v2\/posts"}],"about":[{"href":"https:\/\/www.elsindical.com.ar\/notas\/wp-json\/wp\/v2\/types\/post"}],"author":[{"embeddable":true,"href":"https:\/\/www.elsindical.com.ar\/notas\/wp-json\/wp\/v2\/users\/1"}],"replies":[{"embeddable":true,"href":"https:\/\/www.elsindical.com.ar\/notas\/wp-json\/wp\/v2\/comments?post=56009"}],"version-history":[{"count":1,"href":"https:\/\/www.elsindical.com.ar\/notas\/wp-json\/wp\/v2\/posts\/56009\/revisions"}],"predecessor-version":[{"id":56011,"href":"https:\/\/www.elsindical.com.ar\/notas\/wp-json\/wp\/v2\/posts\/56009\/revisions\/56011"}],"wp:attachment":[{"href":"https:\/\/www.elsindical.com.ar\/notas\/wp-json\/wp\/v2\/media?parent=56009"}],"wp:term":[{"taxonomy":"category","embeddable":true,"href":"https:\/\/www.elsindical.com.ar\/notas\/wp-json\/wp\/v2\/categories?post=56009"},{"taxonomy":"post_tag","embeddable":true,"href":"https:\/\/www.elsindical.com.ar\/notas\/wp-json\/wp\/v2\/tags?post=56009"}],"curies":[{"name":"wp","href":"https:\/\/api.w.org\/{rel}","templated":true}]}}