{"id":56001,"date":"2015-12-26T12:53:33","date_gmt":"2015-12-26T15:53:33","guid":{"rendered":"http:\/\/www.elsindical.com.ar\/notas\/?p=56001"},"modified":"2015-12-26T12:53:33","modified_gmt":"2015-12-26T15:53:33","slug":"san-vicente-desarticulan-a-banda-narco-liderada-por-paraguayo","status":"publish","type":"post","link":"https:\/\/www.elsindical.com.ar\/notas\/san-vicente-desarticulan-a-banda-narco-liderada-por-paraguayo\/","title":{"rendered":"San Vicente: Desarticulan a banda narco liderada por paraguayo"},"content":{"rendered":"<p><em><a href=\"http:\/\/www.elsindical.com.ar\/notas\/var\/www\/html\/notas\/wp-content\/uploads\/2015\/12\/banda-narco-paraguaya.jpg\" rel=\"attachment wp-att-56002\"><img loading=\"lazy\" decoding=\"async\" class=\"alignnone size-medium wp-image-56002\" src=\"http:\/\/www.elsindical.com.ar\/notas\/var\/www\/html\/notas\/wp-content\/uploads\/2015\/12\/banda-narco-paraguaya-300x158.jpg\" alt=\"banda-narco-paraguaya\" width=\"300\" height=\"158\" srcset=\"https:\/\/www.elsindical.com.ar\/notas\/var\/www\/html\/notas\/wp-content\/uploads\/2015\/12\/banda-narco-paraguaya-300x158.jpg 300w, https:\/\/www.elsindical.com.ar\/notas\/var\/www\/html\/notas\/wp-content\/uploads\/2015\/12\/banda-narco-paraguaya-500x263.jpg 500w, https:\/\/www.elsindical.com.ar\/notas\/var\/www\/html\/notas\/wp-content\/uploads\/2015\/12\/banda-narco-paraguaya.jpg 531w\" sizes=\"auto, (max-width: 300px) 100vw, 300px\" \/><\/a>\u00a0 Nueve narcotraficantes quedaron detenidos tras una espectacular procedicimiento de la Polic\u00eda bonaerense en las localidades de San Vicente, Presidente Per\u00f3n y Brandsen. Se incaut\u00f3 una gran cantidad de droga valuada en 2 millones de pesos.<\/em><\/p>\n<p>Nueve narcotraficantes detenidos -varios de ellos de nacionalidad paraguaya- y la incautaci\u00f3n tanto de coca\u00edna -por un valor de 2 millones\u00a0de pesos- como de marihuana, fue el saldo de un espectacular procedimiento realizado por la Polic\u00eda de la Provincia de Buenos Aires, en el cual tres efectivos de la fuerza de seguridad y uno de los forajidos resultaron heridos de bala.<\/p>\n<p>Trascendi\u00f3 que la brutal gavilla era liderada por un sujeto paraguayo apodado<em> El Curep\u00ed<\/em>, de 38 a\u00f1os.<\/p>\n<p>Las investigaciones comenzaron en junio pasado, cuando pesquisas establecieron la existencia de malvivientes que comercializaban coca\u00edna, marihuana y paco en San Vicente, Presidente Per\u00f3n y Brandsen.<\/p>\n<p>Para consumar la maniobra, la gavilla empezaba por reclutar como vendedores a gente de muy bajos recursos, a la que a veces luego desalojaba de sus casas, para instalar en esos domicilios a marginales de mayor experiencia.<\/p>\n<p>Los ejecutores de esa actividad eran un hamp\u00f3n, conocido como <em>El Mono<\/em>, de 35 a\u00f1os, y su pareja, <strong>Florencia<\/strong>, de 34, quienes acabaron reducidos al cabo de un procedimiento concretado en una vivienda situada en Zuvir\u00eda sin n\u00famero, en Transradio.<\/p>\n<p>El Mono ten\u00eda antecedentes en Lan\u00fas e incluso hab\u00eda participado de un tiroteo en Remedios de Escalada. A este individuo, que utilizaba como pantalla un negocio de venta de choripanes, se le incautaron una escopeta Ithaca, un rev\u00f3lver 32 largo y una pistola 11.25 sustra\u00edda a un efectivo de la Gendarmer\u00eda Nacional Argentina.<\/p>\n<p>Las diligencias, supervisadas por el fiscal<strong> Juan Cruz Condom\u00ed Alcorta<\/strong>, de Presidente Per\u00f3n, fueron realizadas por la Coordinaci\u00f3n Departamental de Investigaciones del Trafico de Drogas Il\u00edcitas de La Plata, secundada por el Grupo de Apoyo Departamental (G.A.D.) de San Vicente y el Grupo Halc\u00f3n.<\/p>\n<p>Al allanar una vivienda ubicada en Las Rosas al 500 en Monte Grande, los pesquisas detuvieron a tres\u00a0individuos paraguayos, que se hallaban acompa\u00f1ados por dos mujeres y dos\u00a0beb\u00e9s. Pero uno de esos sujetos, <strong>Javier Lesmo Riquelme<\/strong>, se tirote\u00f3 con los polic\u00edas antidrogas e hiri\u00f3 a tres\u00a0funcionarios, quienes fueron trasladados al Policl\u00ednico Sof\u00eda Terrero de Santamarina, en Monte Grande. Lesmo Riquelme acab\u00f3 herido en el enfrentamiento y ahora permanece alojado, sedado y con fuerte custodia, en el mismo centro asistencial.<\/p>\n<p>Los pesquisas baleados fueron el oficial principal<strong> Edgardo Gim\u00e9nez<\/strong> (con un disparo en un p\u00f3mulo), el subinspector <strong>Leandro Ucedo<\/strong> (con un tiro en una pierna) y el subteniente<strong> Pablo Tomil<\/strong> (con una herida en el cuello). Gim\u00e9nez fue llevado a una cl\u00ednica en Monte Grande. Ucedo y Tomil debieron ser trasladados hasta el Hospital Italiano, en La Plata.<\/p>\n<p>El inmueble, donde hab\u00eda un Toyota Corolla con una patente paraguaya, se utilizaba para almacenar drogas y armas (algunas de estas \u00faltimas se las alquilaban a ladrones).<\/p>\n<p>En un pozo de un metro de ancho, cubierto por un chap\u00f3n, se incautaron bolsas con drogas, una pistola Glock 40, una escopeta, una carabina y numerosas municiones. Localizan casa quinta Simult\u00e1neamente, los polic\u00edas allanaron una casa quinta de 40 por 60 metros, situada en Julio Sosa al 2300, y una propiedad aleda\u00f1a, en la calle Filiberto al 100, en General Rodr\u00edguez. Al requisar la casa quinta, se encontr\u00f3 un gran laboratorio de coca\u00edna y, tras otro tiroteo, se detuvo al l\u00edder de la gavilla y a otros dos narcos paraguayos.<\/p>\n<p>Dos de las armas secuestradas en el lugar eran pistolas 9 mil\u00edmetros, robadas a la Polic\u00eda Federal. En estas viviendas se hallaron un Nissan y un VW Golf. Judith, otra mujer que integraba la banda, fue apresada en Villa Dom\u00ednico.<\/p>\n<p>Al respecto, los polic\u00edas incautaron en total 25 kilogramos de coca\u00edna, otros 20 kilos de marihuana, prensas, moldes, caloventores, precursos qu\u00edmicos y bolsas con pasta base. Las investigaciones se extendieron 6 meses e incluyeron 43.000 horas de escuchas de 10 l\u00edneas telef\u00f3nicas, con sus respectivas decodificaciones, desgrabaciones y transcripciones.<\/p>\n","protected":false},"excerpt":{"rendered":"<p>\u00a0 Nueve narcotraficantes quedaron detenidos tras una espectacular procedicimiento de la Polic\u00eda bonaerense en las localidades de San Vicente, Presidente Per\u00f3n y Brandsen. Se incaut\u00f3 una gran cantidad de droga valuada en 2 millones de pesos. Nueve narcotraficantes detenidos -varios de ellos de nacionalidad paraguaya- y la incautaci\u00f3n tanto de coca\u00edna -por un valor de&hellip;<\/p>\n","protected":false},"author":1,"featured_media":0,"comment_status":"open","ping_status":"open","sticky":false,"template":"","format":"standard","meta":{"footnotes":""},"categories":[22],"tags":[997,742,22609,8180,650,3736],"class_list":["post-56001","post","type-post","status-publish","format-standard","hentry","category-policiales","tag-banda","tag-detenidos","tag-el-curepi","tag-fiscal-juan-cruz-condomi-alcorta","tag-narcos","tag-san-vicente"],"_links":{"self":[{"href":"https:\/\/www.elsindical.com.ar\/notas\/wp-json\/wp\/v2\/posts\/56001","targetHints":{"allow":["GET"]}}],"collection":[{"href":"https:\/\/www.elsindical.com.ar\/notas\/wp-json\/wp\/v2\/posts"}],"about":[{"href":"https:\/\/www.elsindical.com.ar\/notas\/wp-json\/wp\/v2\/types\/post"}],"author":[{"embeddable":true,"href":"https:\/\/www.elsindical.com.ar\/notas\/wp-json\/wp\/v2\/users\/1"}],"replies":[{"embeddable":true,"href":"https:\/\/www.elsindical.com.ar\/notas\/wp-json\/wp\/v2\/comments?post=56001"}],"version-history":[{"count":1,"href":"https:\/\/www.elsindical.com.ar\/notas\/wp-json\/wp\/v2\/posts\/56001\/revisions"}],"predecessor-version":[{"id":56003,"href":"https:\/\/www.elsindical.com.ar\/notas\/wp-json\/wp\/v2\/posts\/56001\/revisions\/56003"}],"wp:attachment":[{"href":"https:\/\/www.elsindical.com.ar\/notas\/wp-json\/wp\/v2\/media?parent=56001"}],"wp:term":[{"taxonomy":"category","embeddable":true,"href":"https:\/\/www.elsindical.com.ar\/notas\/wp-json\/wp\/v2\/categories?post=56001"},{"taxonomy":"post_tag","embeddable":true,"href":"https:\/\/www.elsindical.com.ar\/notas\/wp-json\/wp\/v2\/tags?post=56001"}],"curies":[{"name":"wp","href":"https:\/\/api.w.org\/{rel}","templated":true}]}}