{"id":5570,"date":"2010-04-14T16:41:18","date_gmt":"2010-04-14T19:41:18","guid":{"rendered":"http:\/\/www.elsindical.com.ar\/notas\/?p=5570"},"modified":"2010-04-14T16:41:18","modified_gmt":"2010-04-14T19:41:18","slug":"los-chicos-salen-de-la-escuela-y-van-a-comprar-merca","status":"publish","type":"post","link":"https:\/\/www.elsindical.com.ar\/notas\/los-chicos-salen-de-la-escuela-y-van-a-comprar-merca\/","title":{"rendered":"\u00abLos chicos salen de la escuela y van a comprar merca\u00bb"},"content":{"rendered":"<p style=\"text-align: justify;\"><em><a href=\"http:\/\/www.elsindical.com.ar\/notas\/var\/www\/html\/notas\/wp-content\/uploads\/2010\/04\/Jorge-Bergoglio-misa.jpg\"><img loading=\"lazy\" decoding=\"async\" class=\"alignleft size-full wp-image-5571\" title=\"Jorge-Bergoglio-misa\" src=\"http:\/\/www.elsindical.com.ar\/notas\/var\/www\/html\/notas\/wp-content\/uploads\/2010\/04\/Jorge-Bergoglio-misa.jpg\" alt=\"\" width=\"227\" height=\"97\" \/><\/a>Lo afirm\u00f3 el Cardenal Bergoglio durante una misa en la Catedral Metropolitana ante m\u00e1s de 5 mil j\u00f3venes.<strong> Critic\u00f3 la escasa contenci\u00f3n que brindan el Estado\u00a0y las instituciones.<\/strong><\/em><\/p>\n<p id=\"cuerpoNota\" style=\"text-align: justify;\">El cardenal Jorge Bergoglio critic\u00f3 con dureza al Estado y a las instituciones por la escasa contenci\u00f3n a los j\u00f3venes y asegur\u00f3 que <strong>\u00ablos chicos salen de la escuela y van a la esquina a comprar merca\u00bb.<\/strong><br \/>\n<strong><\/strong><br \/>\nEl arzobispo porte\u00f1o realiz\u00f3 esta dura afirmaci\u00f3n ante m\u00e1s de 5.000 j\u00f3venes, durante una misa por la <a href=\"http:\/\/ads.us.e-planning.net\/ei\/3\/33c6\/4307fb49bcc4a64d?rnd=0.9793659200581082&amp;pb=4b8ab1cff18ac633&amp;fi=83f70a04bb58b8ea&amp;kw=educaci\u00f3n\">educaci\u00f3n<\/a> celebrada en la catedral metropolitana. Adem\u00e1s critic\u00f3 las \u00abmezquinas internas\u00bb entre dirigentes y apunt\u00f3 contra aquellos que buscan \u00ababultar la caja\u00bb.<\/p>\n<p>El religioso tambi\u00e9n cuestion\u00f3 a quienes buscan \u00abpromover los amigos del poder\u00bb. Apunt\u00f3 contra\u00a0el \u00abtestimonio de bajeza\u00bb que, seg\u00fan dijo, dan algunos dirigentes, y subray\u00f3: \u00abSe nos pide otro tipo de testimonio\u00bb.<\/p>\n<p>Consultado sobre la pol\u00e9mica frase de la \u00abmerca\u00bb, Mauricio Macri se mostr\u00f3 \u00absorprendido\u00bb, aunque sostuvo que el arzobispo<strong> \u00abtiene raz\u00f3n, porque la droga est\u00e1 muy metida en la sociedad y hay un retroceso en la contenci\u00f3n\u00bb.\u00a0<br \/>\n<\/strong><br \/>\nDurante la ceremonia, se realiz\u00f3 una oraci\u00f3n interreligiosa y un acto c\u00edvico-religioso en el marco de los festejos por el Bicentenario patrio. Adem\u00e1s de Macri, estuvieron los ministros de Educaci\u00f3n nacional, Alberto Sileoni, y de la ciudad de Buenos Aires, Esteban Bullrich, y el secretario de Culto, Guillermo Oliveri.<\/p>\n","protected":false},"excerpt":{"rendered":"<p>Lo afirm\u00f3 el Cardenal Bergoglio durante una misa en la Catedral Metropolitana ante m\u00e1s de 5 mil j\u00f3venes. Critic\u00f3 la escasa contenci\u00f3n que brindan el Estado\u00a0y las instituciones. El cardenal Jorge Bergoglio critic\u00f3 con dureza al Estado y a las instituciones por la escasa contenci\u00f3n a los j\u00f3venes y asegur\u00f3 que \u00ablos chicos salen de&hellip;<\/p>\n","protected":false},"author":1,"featured_media":0,"comment_status":"open","ping_status":"open","sticky":false,"template":"","format":"standard","meta":{"footnotes":""},"categories":[25],"tags":[2968,849,76],"class_list":["post-5570","post","type-post","status-publish","format-standard","hentry","category-sociedad","tag-cardenal-bergoglio","tag-estado","tag-mauricio-macri"],"_links":{"self":[{"href":"https:\/\/www.elsindical.com.ar\/notas\/wp-json\/wp\/v2\/posts\/5570","targetHints":{"allow":["GET"]}}],"collection":[{"href":"https:\/\/www.elsindical.com.ar\/notas\/wp-json\/wp\/v2\/posts"}],"about":[{"href":"https:\/\/www.elsindical.com.ar\/notas\/wp-json\/wp\/v2\/types\/post"}],"author":[{"embeddable":true,"href":"https:\/\/www.elsindical.com.ar\/notas\/wp-json\/wp\/v2\/users\/1"}],"replies":[{"embeddable":true,"href":"https:\/\/www.elsindical.com.ar\/notas\/wp-json\/wp\/v2\/comments?post=5570"}],"version-history":[{"count":2,"href":"https:\/\/www.elsindical.com.ar\/notas\/wp-json\/wp\/v2\/posts\/5570\/revisions"}],"predecessor-version":[{"id":5573,"href":"https:\/\/www.elsindical.com.ar\/notas\/wp-json\/wp\/v2\/posts\/5570\/revisions\/5573"}],"wp:attachment":[{"href":"https:\/\/www.elsindical.com.ar\/notas\/wp-json\/wp\/v2\/media?parent=5570"}],"wp:term":[{"taxonomy":"category","embeddable":true,"href":"https:\/\/www.elsindical.com.ar\/notas\/wp-json\/wp\/v2\/categories?post=5570"},{"taxonomy":"post_tag","embeddable":true,"href":"https:\/\/www.elsindical.com.ar\/notas\/wp-json\/wp\/v2\/tags?post=5570"}],"curies":[{"name":"wp","href":"https:\/\/api.w.org\/{rel}","templated":true}]}}