{"id":55674,"date":"2015-12-08T12:19:27","date_gmt":"2015-12-08T15:19:27","guid":{"rendered":"http:\/\/www.elsindical.com.ar\/notas\/?p=55674"},"modified":"2015-12-08T12:19:27","modified_gmt":"2015-12-08T15:19:27","slug":"magui-bravi-con-las-piernas-abiertas-de-par-en-par-a-180o","status":"publish","type":"post","link":"https:\/\/www.elsindical.com.ar\/notas\/magui-bravi-con-las-piernas-abiertas-de-par-en-par-a-180o\/","title":{"rendered":"Magui Bravi con las piernas abiertas de par en par a 180\u00ba"},"content":{"rendered":"<p><em><a href=\"http:\/\/www.elsindical.com.ar\/notas\/var\/www\/html\/notas\/wp-content\/uploads\/2015\/12\/Magui-180.jpg\"><img loading=\"lazy\" decoding=\"async\" class=\"alignnone size-medium wp-image-55677\" src=\"http:\/\/www.elsindical.com.ar\/notas\/var\/www\/html\/notas\/wp-content\/uploads\/2015\/12\/Magui-180-300x170.jpg\" alt=\"Magui-180\" width=\"300\" height=\"170\" srcset=\"https:\/\/www.elsindical.com.ar\/notas\/var\/www\/html\/notas\/wp-content\/uploads\/2015\/12\/Magui-180-300x170.jpg 300w, https:\/\/www.elsindical.com.ar\/notas\/var\/www\/html\/notas\/wp-content\/uploads\/2015\/12\/Magui-180-500x283.jpg 500w, https:\/\/www.elsindical.com.ar\/notas\/var\/www\/html\/notas\/wp-content\/uploads\/2015\/12\/Magui-180.jpg 738w\" sizes=\"auto, (max-width: 300px) 100vw, 300px\" \/><\/a>\u00a0 Una muestra de flexibilidad y sensualidad de una de las mujeres m\u00e1s sexys de Argentina.\u00a0\u00a0\u00a0\u00a0\u00a0\u00a0\u00a0\u00a0\u00a0\u00a0\u00a0\u00a0\u00a0\u00a0\u00a0\u00a0\u00a0\u00a0\u00a0\u00a0\u00a0\u00a0\u00a0\u00a0\u00a0<\/em><\/p>\n<p>Magui Bravi salt\u00f3 a la fama como ganadora del concurso \u201cSo\u00f1ando por bailar\u201d y tuvo una descatacada actuaci\u00f3n en el siguiente \u201cBailando por un sue\u00f1o\u201d consagr\u00e1ndose no s\u00f3lo como una gran bailarina, sino tambi\u00e9n como una de las figuras m\u00e1s sensuales de todas las ediciones.<\/p>\n<p>Durante el domingo, la bailarina utiliz\u00f3 su cuenta oficial de Instagram para dar una nueva muestra de ello con una foto espectacular. \u00ab\u00a1Chau domingo!\u201d, coment\u00f3 en esa red social, al tiempo que se mostraba sostenida de cabeza en su cama, con ambas piernas extendidas hacia los costados, seg\u00fan El Trece TV en su web.<\/p>\n<p>Dando muestras de una elasticidad envidiable y una belleza dif\u00edcil de igualar, la bailarina pos\u00f3 en ropa interior y dej\u00f3 que sus seguidores le agradecieran, una vez m\u00e1s, por la imagen.<\/p>\n<p><a href=\"http:\/\/www.elsindical.com.ar\/notas\/var\/www\/html\/notas\/wp-content\/uploads\/2015\/12\/Magui-01.jpg\"><img loading=\"lazy\" decoding=\"async\" class=\"alignnone size-medium wp-image-55676\" src=\"http:\/\/www.elsindical.com.ar\/notas\/var\/www\/html\/notas\/wp-content\/uploads\/2015\/12\/Magui-01-300x170.jpg\" alt=\"Magui-01\" width=\"300\" height=\"170\" srcset=\"https:\/\/www.elsindical.com.ar\/notas\/var\/www\/html\/notas\/wp-content\/uploads\/2015\/12\/Magui-01-300x170.jpg 300w, https:\/\/www.elsindical.com.ar\/notas\/var\/www\/html\/notas\/wp-content\/uploads\/2015\/12\/Magui-01-500x283.jpg 500w, https:\/\/www.elsindical.com.ar\/notas\/var\/www\/html\/notas\/wp-content\/uploads\/2015\/12\/Magui-01.jpg 738w\" sizes=\"auto, (max-width: 300px) 100vw, 300px\" \/><\/a> <a href=\"http:\/\/www.elsindical.com.ar\/notas\/var\/www\/html\/notas\/wp-content\/uploads\/2015\/12\/Magui-02.jpg\"><img loading=\"lazy\" decoding=\"async\" class=\"alignnone size-medium wp-image-55675\" src=\"http:\/\/www.elsindical.com.ar\/notas\/var\/www\/html\/notas\/wp-content\/uploads\/2015\/12\/Magui-02-300x170.jpg\" alt=\"Magui-02\" width=\"300\" height=\"170\" srcset=\"https:\/\/www.elsindical.com.ar\/notas\/var\/www\/html\/notas\/wp-content\/uploads\/2015\/12\/Magui-02-300x170.jpg 300w, https:\/\/www.elsindical.com.ar\/notas\/var\/www\/html\/notas\/wp-content\/uploads\/2015\/12\/Magui-02-500x283.jpg 500w, https:\/\/www.elsindical.com.ar\/notas\/var\/www\/html\/notas\/wp-content\/uploads\/2015\/12\/Magui-02.jpg 738w\" sizes=\"auto, (max-width: 300px) 100vw, 300px\" \/><\/a><\/p>\n","protected":false},"excerpt":{"rendered":"<p>\u00a0 Una muestra de flexibilidad y sensualidad de una de las mujeres m\u00e1s sexys de Argentina.\u00a0\u00a0\u00a0\u00a0\u00a0\u00a0\u00a0\u00a0\u00a0\u00a0\u00a0\u00a0\u00a0\u00a0\u00a0\u00a0\u00a0\u00a0\u00a0\u00a0\u00a0\u00a0\u00a0\u00a0\u00a0 Magui Bravi salt\u00f3 a la fama como ganadora del concurso \u201cSo\u00f1ando por bailar\u201d y tuvo una descatacada actuaci\u00f3n en el siguiente \u201cBailando por un sue\u00f1o\u201d consagr\u00e1ndose no s\u00f3lo como una gran bailarina, sino tambi\u00e9n como una de las figuras&hellip;<\/p>\n","protected":false},"author":1,"featured_media":0,"comment_status":"open","ping_status":"open","sticky":false,"template":"","format":"standard","meta":{"footnotes":""},"categories":[15],"tags":[127,22522,2004],"class_list":["post-55674","post","type-post","status-publish","format-standard","hentry","category-espectaculos","tag-argentina","tag-magui-bravi","tag-sexy"],"_links":{"self":[{"href":"https:\/\/www.elsindical.com.ar\/notas\/wp-json\/wp\/v2\/posts\/55674","targetHints":{"allow":["GET"]}}],"collection":[{"href":"https:\/\/www.elsindical.com.ar\/notas\/wp-json\/wp\/v2\/posts"}],"about":[{"href":"https:\/\/www.elsindical.com.ar\/notas\/wp-json\/wp\/v2\/types\/post"}],"author":[{"embeddable":true,"href":"https:\/\/www.elsindical.com.ar\/notas\/wp-json\/wp\/v2\/users\/1"}],"replies":[{"embeddable":true,"href":"https:\/\/www.elsindical.com.ar\/notas\/wp-json\/wp\/v2\/comments?post=55674"}],"version-history":[{"count":1,"href":"https:\/\/www.elsindical.com.ar\/notas\/wp-json\/wp\/v2\/posts\/55674\/revisions"}],"predecessor-version":[{"id":55678,"href":"https:\/\/www.elsindical.com.ar\/notas\/wp-json\/wp\/v2\/posts\/55674\/revisions\/55678"}],"wp:attachment":[{"href":"https:\/\/www.elsindical.com.ar\/notas\/wp-json\/wp\/v2\/media?parent=55674"}],"wp:term":[{"taxonomy":"category","embeddable":true,"href":"https:\/\/www.elsindical.com.ar\/notas\/wp-json\/wp\/v2\/categories?post=55674"},{"taxonomy":"post_tag","embeddable":true,"href":"https:\/\/www.elsindical.com.ar\/notas\/wp-json\/wp\/v2\/tags?post=55674"}],"curies":[{"name":"wp","href":"https:\/\/api.w.org\/{rel}","templated":true}]}}