{"id":55660,"date":"2015-12-07T20:16:17","date_gmt":"2015-12-07T23:16:17","guid":{"rendered":"http:\/\/www.elsindical.com.ar\/notas\/?p=55660"},"modified":"2015-12-07T20:16:17","modified_gmt":"2015-12-07T23:16:17","slug":"eeuu-la-impactante-imagen-del-policia-consolando-a-su-caballo","status":"publish","type":"post","link":"https:\/\/www.elsindical.com.ar\/notas\/eeuu-la-impactante-imagen-del-policia-consolando-a-su-caballo\/","title":{"rendered":"EEUU: La impactante imagen del polic\u00eda consolando a su caballo"},"content":{"rendered":"<p><em><a href=\"http:\/\/www.elsindical.com.ar\/notas\/var\/www\/html\/notas\/wp-content\/uploads\/2015\/12\/caballo-y-polic\u00eda.jpg\"><img loading=\"lazy\" decoding=\"async\" class=\"alignnone size-medium wp-image-55662\" src=\"http:\/\/www.elsindical.com.ar\/notas\/var\/www\/html\/notas\/wp-content\/uploads\/2015\/12\/caballo-y-polic\u00eda-300x300.jpg\" alt=\"caballo-y-polic\u00eda\" width=\"300\" height=\"300\" srcset=\"https:\/\/www.elsindical.com.ar\/notas\/var\/www\/html\/notas\/wp-content\/uploads\/2015\/12\/caballo-y-polic\u00eda-300x300.jpg 300w, https:\/\/www.elsindical.com.ar\/notas\/var\/www\/html\/notas\/wp-content\/uploads\/2015\/12\/caballo-y-polic\u00eda-150x150.jpg 150w, https:\/\/www.elsindical.com.ar\/notas\/var\/www\/html\/notas\/wp-content\/uploads\/2015\/12\/caballo-y-polic\u00eda.jpg 443w\" sizes=\"auto, (max-width: 300px) 100vw, 300px\" \/><\/a>\u00a0 Tras sufrir un accidente, la yegua, sin apenas vida, pasa sus \u00faltimos momentos acompa\u00f1ada con el consuelo de su compa\u00f1ero.<\/em><\/p>\n<p>Una imagen vale m\u00e1s que mil palabras y la que ilustra esta noticia es una buena prueba de ello. Ocurri\u00f3 en Houston, en Texas. Un oficial de polic\u00eda estaba de servicio cuando sufri\u00f3 un accidente en el que se vio involucrado, con tr\u00e1gico final, su caballo, Charlotte, una yegua de seis a\u00f1os.<\/p>\n<p>El equino, tras asustarse con un ruido, invadi\u00f3 la carretera y fue atropellado por un cami\u00f3n, caus\u00e1ndole graves heridas en sus patas traseras. Tendido en el asfalto, su compa\u00f1ero, el polic\u00eda Herrej\u00f3n, no dud\u00f3 en acompa\u00f1ar al caballo en lo que result\u00f3 sus \u00faltimos minutos con vida.<\/p>\n<p>El conductor del cami\u00f3n se dio a la fuga.<\/p>\n","protected":false},"excerpt":{"rendered":"<p>\u00a0 Tras sufrir un accidente, la yegua, sin apenas vida, pasa sus \u00faltimos momentos acompa\u00f1ada con el consuelo de su compa\u00f1ero. Una imagen vale m\u00e1s que mil palabras y la que ilustra esta noticia es una buena prueba de ello. Ocurri\u00f3 en Houston, en Texas. Un oficial de polic\u00eda estaba de servicio cuando sufri\u00f3 un&hellip;<\/p>\n","protected":false},"author":1,"featured_media":0,"comment_status":"open","ping_status":"open","sticky":false,"template":"","format":"standard","meta":{"footnotes":""},"categories":[18],"tags":[22519,141,22518,30,22517],"class_list":["post-55660","post","type-post","status-publish","format-standard","hentry","category-internacionales","tag-chalotte","tag-eeuu","tag-herrejon","tag-policia","tag-yrgua"],"_links":{"self":[{"href":"https:\/\/www.elsindical.com.ar\/notas\/wp-json\/wp\/v2\/posts\/55660","targetHints":{"allow":["GET"]}}],"collection":[{"href":"https:\/\/www.elsindical.com.ar\/notas\/wp-json\/wp\/v2\/posts"}],"about":[{"href":"https:\/\/www.elsindical.com.ar\/notas\/wp-json\/wp\/v2\/types\/post"}],"author":[{"embeddable":true,"href":"https:\/\/www.elsindical.com.ar\/notas\/wp-json\/wp\/v2\/users\/1"}],"replies":[{"embeddable":true,"href":"https:\/\/www.elsindical.com.ar\/notas\/wp-json\/wp\/v2\/comments?post=55660"}],"version-history":[{"count":2,"href":"https:\/\/www.elsindical.com.ar\/notas\/wp-json\/wp\/v2\/posts\/55660\/revisions"}],"predecessor-version":[{"id":55663,"href":"https:\/\/www.elsindical.com.ar\/notas\/wp-json\/wp\/v2\/posts\/55660\/revisions\/55663"}],"wp:attachment":[{"href":"https:\/\/www.elsindical.com.ar\/notas\/wp-json\/wp\/v2\/media?parent=55660"}],"wp:term":[{"taxonomy":"category","embeddable":true,"href":"https:\/\/www.elsindical.com.ar\/notas\/wp-json\/wp\/v2\/categories?post=55660"},{"taxonomy":"post_tag","embeddable":true,"href":"https:\/\/www.elsindical.com.ar\/notas\/wp-json\/wp\/v2\/tags?post=55660"}],"curies":[{"name":"wp","href":"https:\/\/api.w.org\/{rel}","templated":true}]}}