{"id":55621,"date":"2015-12-04T10:59:08","date_gmt":"2015-12-04T13:59:08","guid":{"rendered":"http:\/\/www.elsindical.com.ar\/notas\/?p=55621"},"modified":"2015-12-04T10:59:08","modified_gmt":"2015-12-04T13:59:08","slug":"lomas-de-zamora-dos-comisarios-detenidos-por-extorsion-junto-a-barras-de-boca","status":"publish","type":"post","link":"https:\/\/www.elsindical.com.ar\/notas\/lomas-de-zamora-dos-comisarios-detenidos-por-extorsion-junto-a-barras-de-boca\/","title":{"rendered":"Lomas de Zamora: Dos Comisarios detenidos por extorsi\u00f3n junto a barras de Boca"},"content":{"rendered":"<p class=\"bajada\"><em>\u00a0<a href=\"http:\/\/www.elsindical.com.ar\/notas\/var\/www\/html\/notas\/wp-content\/uploads\/2013\/03\/comisaria-10-Ingeniero-Budge.jpg\"><img loading=\"lazy\" decoding=\"async\" class=\"alignnone size-medium wp-image-33241\" src=\"http:\/\/www.elsindical.com.ar\/notas\/var\/www\/html\/notas\/wp-content\/uploads\/2013\/03\/comisaria-10-Ingeniero-Budge-300x224.jpg\" alt=\"comisaria-10-Ingeniero-Budge\" width=\"300\" height=\"224\" srcset=\"https:\/\/www.elsindical.com.ar\/notas\/var\/www\/html\/notas\/wp-content\/uploads\/2013\/03\/comisaria-10-Ingeniero-Budge-300x224.jpg 300w, https:\/\/www.elsindical.com.ar\/notas\/var\/www\/html\/notas\/wp-content\/uploads\/2013\/03\/comisaria-10-Ingeniero-Budge-400x300.jpg 400w, https:\/\/www.elsindical.com.ar\/notas\/var\/www\/html\/notas\/wp-content\/uploads\/2013\/03\/comisaria-10-Ingeniero-Budge.jpg 502w\" sizes=\"auto, (max-width: 300px) 100vw, 300px\" \/><\/a> Tendr\u00edan v\u00ednculos con integrantes de la barra brava de Boca Juniors, que tambi\u00e9n fueron detenidos.<\/em><\/p>\n<p id=\"pcontnota\">Uno de los detenidos es el comisario Juan Revoredo, que fue apresado en Luj\u00e1n, donde se desempe\u00f1aba como jefe del Comando de Prevenci\u00f3n Comunitaria (CPC). Entre 2013 y 2014, hab\u00eda estado a cargo de la Comisar\u00eda de Ingeniero Budge.<\/p>\n<p>La detenci\u00f3n del comisario Revoredo fue ordenada por el fiscal Carlos Baccini y en el operativo en el que se lo detuvo participaron agentes de Asuntos Internos dependientes del Ministerio de Seguridad Bonaerense.<\/p>\n<p>El segundo apresado fue el oficial Pablo Avitale, quien al momento de su detenci\u00f3n en Lomas prestaba servicios en la seccional Villa Centenario y trabaj\u00f3 junto a Revoredo en la Comisar\u00eda de Budge, que tiene jurisdicci\u00f3n sobre la feria La Salada.<\/p>\n<p>Adem\u00e1s de los polic\u00edas, est\u00e1n detenidos por la misma causa Santiago Garc\u00eda y Esteban Ag\u00fcero, se\u00f1alados como miembros de la barra brava de Boca. Est\u00e1n acusados de extorsionar a comerciantes para quedarse con puestos de la feria.<\/p>\n<p><strong>Indagatorias.<\/strong> Desde los Tribunales de Lomas de Zamora confirmaron que Revoredo, Avitale y Garc\u00eda ya fueron indagados y en las pr\u00f3ximas horas declarar\u00e1 lo har\u00e1 Ag\u00fcero.<\/p>\n<p>La causa es investigada por la UFI N\u00ba 15 y el Juzgado de Garant\u00edas N\u00ba6.<\/p>\n<p><strong>La investigaci\u00f3n.<\/strong> Los polic\u00edas est\u00e1n acusados de \u201ccoacciones agravadas\u201d ya que los comerciantes denunciaron que eran amenazados con que se les iba a armar causas penales si denunciaban la presunta extorsi\u00f3n ejercida por los otros dos detenidos.<\/p>\n<p>Seg\u00fan las denuncias efectuadas por los comerciantes de La Salada, los se\u00f1alados como integrantes de la barra de Boca extorsionaban y usaban diferentes mecanismos violentos para quedarse con sus puestos.<\/p>\n","protected":false},"excerpt":{"rendered":"<p>\u00a0 Tendr\u00edan v\u00ednculos con integrantes de la barra brava de Boca Juniors, que tambi\u00e9n fueron detenidos. Uno de los detenidos es el comisario Juan Revoredo, que fue apresado en Luj\u00e1n, donde se desempe\u00f1aba como jefe del Comando de Prevenci\u00f3n Comunitaria (CPC). Entre 2013 y 2014, hab\u00eda estado a cargo de la Comisar\u00eda de Ingeniero Budge.&hellip;<\/p>\n","protected":false},"author":1,"featured_media":0,"comment_status":"open","ping_status":"open","sticky":false,"template":"","format":"standard","meta":{"footnotes":""},"categories":[22],"tags":[1476,21015,22510,22511,2236],"class_list":["post-55621","post","type-post","status-publish","format-standard","hentry","category-policiales","tag-asuntos-internos","tag-c-p-c","tag-comisario-juan-revoredo","tag-comisario-pablo-avitale","tag-extorsion"],"_links":{"self":[{"href":"https:\/\/www.elsindical.com.ar\/notas\/wp-json\/wp\/v2\/posts\/55621","targetHints":{"allow":["GET"]}}],"collection":[{"href":"https:\/\/www.elsindical.com.ar\/notas\/wp-json\/wp\/v2\/posts"}],"about":[{"href":"https:\/\/www.elsindical.com.ar\/notas\/wp-json\/wp\/v2\/types\/post"}],"author":[{"embeddable":true,"href":"https:\/\/www.elsindical.com.ar\/notas\/wp-json\/wp\/v2\/users\/1"}],"replies":[{"embeddable":true,"href":"https:\/\/www.elsindical.com.ar\/notas\/wp-json\/wp\/v2\/comments?post=55621"}],"version-history":[{"count":1,"href":"https:\/\/www.elsindical.com.ar\/notas\/wp-json\/wp\/v2\/posts\/55621\/revisions"}],"predecessor-version":[{"id":55622,"href":"https:\/\/www.elsindical.com.ar\/notas\/wp-json\/wp\/v2\/posts\/55621\/revisions\/55622"}],"wp:attachment":[{"href":"https:\/\/www.elsindical.com.ar\/notas\/wp-json\/wp\/v2\/media?parent=55621"}],"wp:term":[{"taxonomy":"category","embeddable":true,"href":"https:\/\/www.elsindical.com.ar\/notas\/wp-json\/wp\/v2\/categories?post=55621"},{"taxonomy":"post_tag","embeddable":true,"href":"https:\/\/www.elsindical.com.ar\/notas\/wp-json\/wp\/v2\/tags?post=55621"}],"curies":[{"name":"wp","href":"https:\/\/api.w.org\/{rel}","templated":true}]}}