{"id":55600,"date":"2015-12-03T23:07:17","date_gmt":"2015-12-04T02:07:17","guid":{"rendered":"http:\/\/www.elsindical.com.ar\/notas\/?p=55600"},"modified":"2015-12-03T23:07:17","modified_gmt":"2015-12-04T02:07:17","slug":"gustavo-arribas-sera-el-nuevo-titular-de-la-afi","status":"publish","type":"post","link":"https:\/\/www.elsindical.com.ar\/notas\/gustavo-arribas-sera-el-nuevo-titular-de-la-afi\/","title":{"rendered":"Gustavo Arribas ser\u00e1 el nuevo titular de la AFI"},"content":{"rendered":"<p><em><a href=\"http:\/\/www.elsindical.com.ar\/notas\/var\/www\/html\/notas\/wp-content\/uploads\/2015\/12\/Gustavo-Arribas.jpg\"><img loading=\"lazy\" decoding=\"async\" class=\"alignnone size-medium wp-image-55601\" src=\"http:\/\/www.elsindical.com.ar\/notas\/var\/www\/html\/notas\/wp-content\/uploads\/2015\/12\/Gustavo-Arribas-300x158.jpg\" alt=\"Gustavo-Arribas\" width=\"300\" height=\"158\" srcset=\"https:\/\/www.elsindical.com.ar\/notas\/var\/www\/html\/notas\/wp-content\/uploads\/2015\/12\/Gustavo-Arribas-300x158.jpg 300w, https:\/\/www.elsindical.com.ar\/notas\/var\/www\/html\/notas\/wp-content\/uploads\/2015\/12\/Gustavo-Arribas-500x263.jpg 500w, https:\/\/www.elsindical.com.ar\/notas\/var\/www\/html\/notas\/wp-content\/uploads\/2015\/12\/Gustavo-Arribas.jpg 531w\" sizes=\"auto, (max-width: 300px) 100vw, 300px\" \/><\/a>\u00a0 El escribano\u00a0fue designado para liderar la Agencia Federal de Investigaciones, que actualmente ocupa<strong> Oscar Parrilli<\/strong>. El empresario est\u00e1 vinculado al mundo del f\u00fatbol, es \u00edntimo amigo del presidente electo, <strong>Mauricio Macri<\/strong>, y lo\u00a0acompa\u00f1\u00f3 durante a\u00f1os en su gesti\u00f3n en Boca.<\/em><\/p>\n<p>El presidente electo <strong>Mauricio Macri <\/strong>design\u00f3 al escribano y empresario <strong>Gustavo Arribas<\/strong> para la titularidad de la Agencia Federal de Investigaciones (AFI), que ocupa actualmente<strong> Oscar Parrilli.<\/strong><\/p>\n<p>Arribas es un empresario vinculado al mundo del f\u00fatbol y amigo \u00edntimo de Macri, a quien acompa\u00f1\u00f3 durante muchos a\u00f1os en la gesti\u00f3n como titular del club Boca Juniors, seg\u00fan se inform\u00f3.<\/p>\n<p>En tanto, la diputada del PRO <strong>Silvia Majdalani<\/strong> -quien actualmente integra la Comisi\u00f3n Bicameral de Fiscalizaci\u00f3n de Organismos y Actividades de Inteligencia- ser\u00e1 la subdirectora del organismo de inteligencia.<\/p>\n<p>Ayer, al realizar la presentaci\u00f3n oficial del gabinete en el Jard\u00edn Bot\u00e1nico, Macri hab\u00eda dicho que la titularidad de la AFI deb\u00eda estar ocupada por una persona de su <em>\u201cextrema confianza\u201d<\/em> para <em>\u201cgarantizar los instrumentos al servicio de la seguridad nacional, y no para hostigar y espiar a los ciudadanos como se hizo en los \u00faltimos a\u00f1os\u201d.<\/em><\/p>\n","protected":false},"excerpt":{"rendered":"<p>\u00a0 El escribano\u00a0fue designado para liderar la Agencia Federal de Investigaciones, que actualmente ocupa Oscar Parrilli. El empresario est\u00e1 vinculado al mundo del f\u00fatbol, es \u00edntimo amigo del presidente electo, Mauricio Macri, y lo\u00a0acompa\u00f1\u00f3 durante a\u00f1os en su gesti\u00f3n en Boca. El presidente electo Mauricio Macri design\u00f3 al escribano y empresario Gustavo Arribas para la&hellip;<\/p>\n","protected":false},"author":1,"featured_media":0,"comment_status":"open","ping_status":"open","sticky":false,"template":"","format":"standard","meta":{"footnotes":""},"categories":[22],"tags":[20772,22505,76,19540,2544],"class_list":["post-55600","post","type-post","status-publish","format-standard","hentry","category-policiales","tag-afi","tag-gustavo-arribas","tag-mauricio-macri","tag-oscar-parrilli","tag-silvia-majdalani"],"_links":{"self":[{"href":"https:\/\/www.elsindical.com.ar\/notas\/wp-json\/wp\/v2\/posts\/55600","targetHints":{"allow":["GET"]}}],"collection":[{"href":"https:\/\/www.elsindical.com.ar\/notas\/wp-json\/wp\/v2\/posts"}],"about":[{"href":"https:\/\/www.elsindical.com.ar\/notas\/wp-json\/wp\/v2\/types\/post"}],"author":[{"embeddable":true,"href":"https:\/\/www.elsindical.com.ar\/notas\/wp-json\/wp\/v2\/users\/1"}],"replies":[{"embeddable":true,"href":"https:\/\/www.elsindical.com.ar\/notas\/wp-json\/wp\/v2\/comments?post=55600"}],"version-history":[{"count":1,"href":"https:\/\/www.elsindical.com.ar\/notas\/wp-json\/wp\/v2\/posts\/55600\/revisions"}],"predecessor-version":[{"id":55602,"href":"https:\/\/www.elsindical.com.ar\/notas\/wp-json\/wp\/v2\/posts\/55600\/revisions\/55602"}],"wp:attachment":[{"href":"https:\/\/www.elsindical.com.ar\/notas\/wp-json\/wp\/v2\/media?parent=55600"}],"wp:term":[{"taxonomy":"category","embeddable":true,"href":"https:\/\/www.elsindical.com.ar\/notas\/wp-json\/wp\/v2\/categories?post=55600"},{"taxonomy":"post_tag","embeddable":true,"href":"https:\/\/www.elsindical.com.ar\/notas\/wp-json\/wp\/v2\/tags?post=55600"}],"curies":[{"name":"wp","href":"https:\/\/api.w.org\/{rel}","templated":true}]}}