{"id":5560,"date":"2010-04-14T11:48:49","date_gmt":"2010-04-14T14:48:49","guid":{"rendered":"http:\/\/www.elsindical.com.ar\/notas\/?p=5560"},"modified":"2010-04-14T11:48:49","modified_gmt":"2010-04-14T14:48:49","slug":"padres-de-nazarena-velez-querellan-al-conductor-del-auto-donde-iba-jazmin","status":"publish","type":"post","link":"https:\/\/www.elsindical.com.ar\/notas\/padres-de-nazarena-velez-querellan-al-conductor-del-auto-donde-iba-jazmin\/","title":{"rendered":"Padres de Nazarena V\u00e9lez querellan al conductor del auto donde iba Jazm\u00edn"},"content":{"rendered":"<p style=\"text-align: justify;\"><em><a href=\"http:\/\/www.elsindical.com.ar\/notas\/var\/www\/html\/notas\/wp-content\/uploads\/2010\/04\/Jazm\u00edn-V\u00e9lez-accidente.jpg\"><img loading=\"lazy\" decoding=\"async\" class=\"alignleft size-full wp-image-5561\" title=\"Jazm\u00edn-V\u00e9lez-accidente\" src=\"http:\/\/www.elsindical.com.ar\/notas\/var\/www\/html\/notas\/wp-content\/uploads\/2010\/04\/Jazm\u00edn-V\u00e9lez-accidente.jpg\" alt=\"\" width=\"255\" height=\"205\" \/><\/a>Rosa y Jos\u00e9, los progenitores de la actriz, aseguran que Mart\u00edn Amato aceler\u00f3, en lugar de frenar. Detalles de un caso que sigue en la Justicia con acciones penales.<\/em><\/p>\n<p style=\"text-align: justify;\">Nazarena V\u00e9lez y su familia lloran la muerte de su hermana Jazm\u00edn en el tr\u00e1gico accidente en la Autopista Perito Moreno, en el barrio porte\u00f1o de Liniers. En medio del dolor, los padres de la actriz se presentaron como querellantes contra Mart\u00edn Amato, el joven que conduc\u00eda el auto donde viajaba la chica de 21 a\u00f1os cuando ocurri\u00f3 la tragedia.<\/p>\n<p>Rosa y Jos\u00e9 tienen como abogado a Jos\u00e9 Vera que dio detalles a la revista Semanario de c\u00f3mo sigue la causa. \u00abEl delito est\u00e1 y es homicidio culposo. Pero es habitual que los padres quieran saber bien c\u00f3mo perdi\u00f3 la vida un hijo. Bajo qu\u00e9 condiciones falleci\u00f3 la joven es algo que va a determinar la autopsia. Luego habr\u00e1 que ver si corresponde o no la aplicaci\u00f3n de una pena, la cual, de ninguna manera, va a ser de cumplimiento efectivo\u00bb, dijo el representante de los V\u00e9lez.<\/p>\n<p>Vera aclar\u00f3 que m\u00e1s all\u00e1 de ser menor de edad y aunque \u00abse tratase de un mayor, tampoco habr\u00eda pena efectiva. La pena del delito es totalmente excarcelable, incluso si se llega a determinar que manejaba en estado de ebriedad, aunque esto no se pudo comprobar ya que todav\u00eda no est\u00e1n los resultados de las pericias\u00bb.<\/p>\n<p>Amato \u00abten\u00eda registro categor\u00eda B1, el cual posee determinadas restricciones, entre las cuales se encuentra la de circular por autopistas. En principio podr\u00edamos advertir que el fallecimiento se produce por impericia del manejo, pues lo que narra Giselle, quien iba con Jazm\u00edn, es que cuando el conductor pierde el control del auto, en lugar de frenar, aceler\u00f3. Esto deja a claras la falta de experiencia en el manejo\u00bb, afirm\u00f3 el abogado.<\/p>\n<p>Seg\u00fan Vera, todo hace prever que Jazm\u00edn no llevaba cintur\u00f3n de seguridad, pero destaca que \u00abac\u00e1 la \u00fanica responsabilidad sigue siendo del conductor. A lo sumo le atenuar\u00edan la pena que le cabr\u00eda en caso de que se lo encuentre culpable\u00bb.<\/p>\n","protected":false},"excerpt":{"rendered":"<p>Rosa y Jos\u00e9, los progenitores de la actriz, aseguran que Mart\u00edn Amato aceler\u00f3, en lugar de frenar. Detalles de un caso que sigue en la Justicia con acciones penales. Nazarena V\u00e9lez y su familia lloran la muerte de su hermana Jazm\u00edn en el tr\u00e1gico accidente en la Autopista Perito Moreno, en el barrio porte\u00f1o de&hellip;<\/p>\n","protected":false},"author":1,"featured_media":0,"comment_status":"open","ping_status":"open","sticky":false,"template":"","format":"standard","meta":{"footnotes":""},"categories":[20],"tags":[2964,2963,41,2962],"class_list":["post-5560","post","type-post","status-publish","format-standard","hentry","category-judiciales","tag-jazmin-velez","tag-jose-martin-amato","tag-justicia","tag-rosa"],"_links":{"self":[{"href":"https:\/\/www.elsindical.com.ar\/notas\/wp-json\/wp\/v2\/posts\/5560","targetHints":{"allow":["GET"]}}],"collection":[{"href":"https:\/\/www.elsindical.com.ar\/notas\/wp-json\/wp\/v2\/posts"}],"about":[{"href":"https:\/\/www.elsindical.com.ar\/notas\/wp-json\/wp\/v2\/types\/post"}],"author":[{"embeddable":true,"href":"https:\/\/www.elsindical.com.ar\/notas\/wp-json\/wp\/v2\/users\/1"}],"replies":[{"embeddable":true,"href":"https:\/\/www.elsindical.com.ar\/notas\/wp-json\/wp\/v2\/comments?post=5560"}],"version-history":[{"count":1,"href":"https:\/\/www.elsindical.com.ar\/notas\/wp-json\/wp\/v2\/posts\/5560\/revisions"}],"predecessor-version":[{"id":5562,"href":"https:\/\/www.elsindical.com.ar\/notas\/wp-json\/wp\/v2\/posts\/5560\/revisions\/5562"}],"wp:attachment":[{"href":"https:\/\/www.elsindical.com.ar\/notas\/wp-json\/wp\/v2\/media?parent=5560"}],"wp:term":[{"taxonomy":"category","embeddable":true,"href":"https:\/\/www.elsindical.com.ar\/notas\/wp-json\/wp\/v2\/categories?post=5560"},{"taxonomy":"post_tag","embeddable":true,"href":"https:\/\/www.elsindical.com.ar\/notas\/wp-json\/wp\/v2\/tags?post=5560"}],"curies":[{"name":"wp","href":"https:\/\/api.w.org\/{rel}","templated":true}]}}