{"id":55593,"date":"2015-12-03T07:35:24","date_gmt":"2015-12-03T10:35:24","guid":{"rendered":"http:\/\/www.elsindical.com.ar\/notas\/?p=55593"},"modified":"2015-12-03T07:35:24","modified_gmt":"2015-12-03T10:35:24","slug":"lanus-aprueba-el-hcd-suba-de-tasas-y-la-creacion-del-defensor-del-pueblo","status":"publish","type":"post","link":"https:\/\/www.elsindical.com.ar\/notas\/lanus-aprueba-el-hcd-suba-de-tasas-y-la-creacion-del-defensor-del-pueblo\/","title":{"rendered":"Lan\u00fas: Aprueba el HCD suba de tasas y la creaci\u00f3n del Defensor del Pueblo"},"content":{"rendered":"<p class=\"bajada\"><em><a href=\"http:\/\/www.elsindical.com.ar\/notas\/var\/www\/html\/notas\/wp-content\/uploads\/2015\/03\/escudo-HCD-Lan\u00fas.jpg\"><img loading=\"lazy\" decoding=\"async\" class=\"alignnone size-medium wp-image-49744\" src=\"http:\/\/www.elsindical.com.ar\/notas\/var\/www\/html\/notas\/wp-content\/uploads\/2015\/03\/escudo-HCD-Lan\u00fas-262x300.jpg\" alt=\"escudo-HCD-Lan\u00fas\" width=\"262\" height=\"300\" srcset=\"https:\/\/www.elsindical.com.ar\/notas\/var\/www\/html\/notas\/wp-content\/uploads\/2015\/03\/escudo-HCD-Lan\u00fas-262x300.jpg 262w, https:\/\/www.elsindical.com.ar\/notas\/var\/www\/html\/notas\/wp-content\/uploads\/2015\/03\/escudo-HCD-Lan\u00fas.jpg 531w\" sizes=\"auto, (max-width: 262px) 100vw, 262px\" \/><\/a>\u00a0La Asamblea de Mayores Contribuyentes convalid\u00f3 la Fiscal e Impositiva. El aumento promedio es del 27 por ciento. Por otro lado, se aprob\u00f3 la creaci\u00f3n de la figura del Defensor del Pueblo de Lan\u00fas.<\/em><\/p>\n<p id=\"pcontnota\">Antes de la sesi\u00f3n en la que se aprob\u00f3 el Presupuesto, ayer se realiz\u00f3 una Asamblea de Mayores Contribuyentes en Lan\u00fas en la que se ratific\u00f3 la ordenanza Fiscal e Impositiva 2016 que prev\u00e9 un aumento promedio de las tasas del 27 por ciento.<\/p>\n<p>El proyecto fue convalidado por unanimidad con 36 votos a favor y ninguno en contra, producto de la sumatoria de los 19 concejales y los 17 mayores contribuyentes presentes en el recinto.<\/p>\n<p><strong>\u201cEs un ajuste razonable\u201d.<\/strong> Luego de la sesi\u00f3n el presidente del bloque de concejales de Juntos por Lan\u00fas, Jorge Schiavone, sostuvo que la suba \u201ces un ajuste razonable\u201d.<\/p>\n<p>\u201cLo que se propone como aumento en realidad es por la inflaci\u00f3n. Si bien podemos modificarlo pero por ahora no pensamos hacerlo porque nos parece que est\u00e1 bien\u201d, manifest\u00f3 el edil.<\/p>\n<p><strong>\u201cFue un acuerdo entre todos los bloques\u201d.<\/strong> Desde el oficialismo, el titular del bloque kirchnerista, H\u00e9ctor Montero, se\u00f1al\u00f3 que el incremento ratificado \u201cfue un acuerdo entre todos los bloques\u201d.<\/p>\n<p>\u201cResult\u00f3 muy positiva esta sesi\u00f3n y va a permitir que el nuevo intendente (N\u00e9stor Grindetti) pueda tener un Presupuesto en lo que se refiere a recursos de alrededor de 1000 millones de pesos propiamente municipales, que corresponde a un porcentaje interesante de lo que son los recursos de libre disponibilidad\u201d, asever\u00f3.<\/p>\n<p><strong>Detalles del aumento.<\/strong> De acuerdo con lo que hab\u00eda precisado Montero la nueva ordenanza Fiscal e Impositiva \u201cfija un aumento del 27 por ciento para las tasas de Servicios Generales y de Seguridad e Higiene\u201d.<\/p>\n<p>\u201cEn el rubro 1 de vivienda, los nuevos valores son de 194 pesos, 40 m\u00e1s que este a\u00f1o. En el rubro 2 de comercio, los valores de las tasas son de 657 pesos, 140 m\u00e1s; y para el rubro 3 de industrial 1242 pesos, una diferencia menor de 250 pesos, mientras que la tasa de Protecci\u00f3n Ciudadana pas\u00f3 de 24 a 29 pesos\u201d, puntualiz\u00f3.<\/p>\n","protected":false},"excerpt":{"rendered":"<p>\u00a0La Asamblea de Mayores Contribuyentes convalid\u00f3 la Fiscal e Impositiva. El aumento promedio es del 27 por ciento. Por otro lado, se aprob\u00f3 la creaci\u00f3n de la figura del Defensor del Pueblo de Lan\u00fas. Antes de la sesi\u00f3n en la que se aprob\u00f3 el Presupuesto, ayer se realiz\u00f3 una Asamblea de Mayores Contribuyentes en Lan\u00fas&hellip;<\/p>\n","protected":false},"author":1,"featured_media":0,"comment_status":"open","ping_status":"open","sticky":false,"template":"","format":"standard","meta":{"footnotes":""},"categories":[13],"tags":[2819,16587,209,6711,5117],"class_list":["post-55593","post","type-post","status-publish","format-standard","hentry","category-politica","tag-defensor-del-pueblo","tag-hcd","tag-lanus","tag-suba","tag-tasas"],"_links":{"self":[{"href":"https:\/\/www.elsindical.com.ar\/notas\/wp-json\/wp\/v2\/posts\/55593","targetHints":{"allow":["GET"]}}],"collection":[{"href":"https:\/\/www.elsindical.com.ar\/notas\/wp-json\/wp\/v2\/posts"}],"about":[{"href":"https:\/\/www.elsindical.com.ar\/notas\/wp-json\/wp\/v2\/types\/post"}],"author":[{"embeddable":true,"href":"https:\/\/www.elsindical.com.ar\/notas\/wp-json\/wp\/v2\/users\/1"}],"replies":[{"embeddable":true,"href":"https:\/\/www.elsindical.com.ar\/notas\/wp-json\/wp\/v2\/comments?post=55593"}],"version-history":[{"count":1,"href":"https:\/\/www.elsindical.com.ar\/notas\/wp-json\/wp\/v2\/posts\/55593\/revisions"}],"predecessor-version":[{"id":55594,"href":"https:\/\/www.elsindical.com.ar\/notas\/wp-json\/wp\/v2\/posts\/55593\/revisions\/55594"}],"wp:attachment":[{"href":"https:\/\/www.elsindical.com.ar\/notas\/wp-json\/wp\/v2\/media?parent=55593"}],"wp:term":[{"taxonomy":"category","embeddable":true,"href":"https:\/\/www.elsindical.com.ar\/notas\/wp-json\/wp\/v2\/categories?post=55593"},{"taxonomy":"post_tag","embeddable":true,"href":"https:\/\/www.elsindical.com.ar\/notas\/wp-json\/wp\/v2\/tags?post=55593"}],"curies":[{"name":"wp","href":"https:\/\/api.w.org\/{rel}","templated":true}]}}