{"id":55591,"date":"2015-12-03T00:59:45","date_gmt":"2015-12-03T03:59:45","guid":{"rendered":"http:\/\/www.elsindical.com.ar\/notas\/?p=55591"},"modified":"2015-12-03T00:59:45","modified_gmt":"2015-12-03T03:59:45","slug":"efemerides-del-dia-3-de-diciembre-2","status":"publish","type":"post","link":"https:\/\/www.elsindical.com.ar\/notas\/efemerides-del-dia-3-de-diciembre-2\/","title":{"rendered":"EFEM\u00c9RIDES: DEL D\u00cdA 3 DE DICIEMBRE"},"content":{"rendered":"<p>D\u00eda de San Francisco Javier.<\/p>\n<p>\u2013 D\u00eda Internacional de las personas con Discapacidad, establecido por la ONU.<\/p>\n<p>D\u00eda del M\u00e9dico, en Am\u00e9rica. Ese d\u00eda, en 1833 muere el Dr. Carlos Finlay, investigador cubano descubridor del agente transmisor de la fiebre amarilla.<\/p>\n<p>\u2013 D\u00eda del Minero.<\/p>\n<p>1552 \u2013 Muere San Francisco Javier.<\/p>\n<p>1586 \u2013 Sir Thomas Herriot introduce las papas en Gran Breta\u00f1a desde California, EE.UU.<\/p>\n<p>1621 \u2013 Galileo muestra su telescopio.<\/p>\n<p>1836 \u2013 Tras dos dias de debates, las Cortes Espa\u00f1olas acuerdan negociar el reconocimiento de la independencia de los Nuevos Estados de la America Espa\u00f1ola.<\/p>\n<p>1857 \u2013 Nace en Polonia el escritor Joseph Conrad.<\/p>\n<p>1919 \u2013 Muere el pintor Pierre Auguste Renoir.<\/p>\n<p>1941 \u2013 Se estrena en los EE.UU. la pel\u00edcula \u201cEl halc\u00f3n malt\u00e9s\u201d de John Huston.<\/p>\n<p>1947 \u2013 Estreno en Brodway de la obra de Tennessee Williams \u201cUn tranv\u00eda llamado deseo\u201d, protagonizada por Marlon Brando y Jessica Tandy.<\/p>\n<p>1950 \u2013 En Cleveland, EE.UU., Charles Bailly informa el descubrimiento de un mecanismo card\u00edaco-pulmonar para reanimar personas cl\u00ednicamente muertas.<\/p>\n<p>1950 \u2013 Repliegue general aliado en el marco de la guerra de Corea.<\/p>\n<p>1953 \u2013 Cient\u00edficos de la ciudad de Iowa, en Estados Unidos, anuncian la concepci\u00f3n del primer embarazo con espermatozoides congelados.<\/p>\n<p>1955 \u2013 Nace el futbolista argentino Alberto Tarantini.<\/p>\n<p>1967 \u2013 Christian Barnard realiza el primer transplante de coraz\u00f3n humano, en Capetown, Sud\u00e1frica.<\/p>\n<p>1973 \u2013 El Pioneer 10 traspasa la \u00f3rbita de J\u00fapiter.<\/p>\n<p>1984 \u2013 En Bhopal, India, una planta de productos qu\u00edmicos arroja material t\u00f3xico al aire causando uno de los m\u00e1s grandes desastres de este tipo.<\/p>\n<p>1989 \u2013 Se da por terminada la \u201cguerra fria\u201d al finalizar en Malta la historica reunion entre los presidentee de EE.UU., George Bush, y de la URSS, Mijail Gorbachov.<\/p>\n<p>1990 \u2013 El Cnel.Mohamed Seineld\u00edn encabeza un amotinamiento en la Escuela de Infanteria de Campo de Mayo, Argentina.<\/p>\n<p>1993 \u2013 La princesa Diana de Gales anuncia su retiro de la vida p\u00fablica.<\/p>\n<p>1994 \u2013 Muere Elizabeth Glaser, quien se convirti\u00f3 en una activista en la lucha contra el sida luego de contraer la enfermedad por una transfusi\u00f3n de sangre.<\/p>\n<p>1997 \u2013 El empresario y pol\u00edtico italiano Silvio Berlusconi es condenado a un a\u00f1o y medio de c\u00e1rcel por delito fiscal.<\/p>\n<p>1997 \u2013 125 pa\u00edses suscriben en Ottawa la Convencion sobre la prohibicion del uso, almacenamiento, produccion y transferencia de minas contra personas.<\/p>\n<p>1998 \u2013 El fil\u00f3sofo V\u00edctor Garc\u00eda de la Concha es elegido nuevo director de la Real Academia de la Lengua.<\/p>\n<p>2003 \u2013 La C\u00e1mara de Senadores de Argentina destituye al juez de la Suprema Corte, Eduardo Molin\u00e9 O\u00b4Connor.<\/p>\n<p>2004 \u2013 La Corte Suprema ucraniana declara ilegal el ballottage presidencial que otorg\u00f3 la victoria al candidato oficialista, Viktor Yanukovich, y ordena repetir los comicios el 26 de diciembre.<\/p>\n","protected":false},"excerpt":{"rendered":"<p>D\u00eda de San Francisco Javier. \u2013 D\u00eda Internacional de las personas con Discapacidad, establecido por la ONU. D\u00eda del M\u00e9dico, en Am\u00e9rica. Ese d\u00eda, en 1833 muere el Dr. Carlos Finlay, investigador cubano descubridor del agente transmisor de la fiebre amarilla. \u2013 D\u00eda del Minero. 1552 \u2013 Muere San Francisco Javier. 1586 \u2013 Sir Thomas&hellip;<\/p>\n","protected":false},"author":1,"featured_media":0,"comment_status":"open","ping_status":"open","sticky":false,"template":"","format":"standard","meta":{"footnotes":""},"categories":[14],"tags":[],"class_list":["post-55591","post","type-post","status-publish","format-standard","hentry","category-efemerides"],"_links":{"self":[{"href":"https:\/\/www.elsindical.com.ar\/notas\/wp-json\/wp\/v2\/posts\/55591","targetHints":{"allow":["GET"]}}],"collection":[{"href":"https:\/\/www.elsindical.com.ar\/notas\/wp-json\/wp\/v2\/posts"}],"about":[{"href":"https:\/\/www.elsindical.com.ar\/notas\/wp-json\/wp\/v2\/types\/post"}],"author":[{"embeddable":true,"href":"https:\/\/www.elsindical.com.ar\/notas\/wp-json\/wp\/v2\/users\/1"}],"replies":[{"embeddable":true,"href":"https:\/\/www.elsindical.com.ar\/notas\/wp-json\/wp\/v2\/comments?post=55591"}],"version-history":[{"count":1,"href":"https:\/\/www.elsindical.com.ar\/notas\/wp-json\/wp\/v2\/posts\/55591\/revisions"}],"predecessor-version":[{"id":55592,"href":"https:\/\/www.elsindical.com.ar\/notas\/wp-json\/wp\/v2\/posts\/55591\/revisions\/55592"}],"wp:attachment":[{"href":"https:\/\/www.elsindical.com.ar\/notas\/wp-json\/wp\/v2\/media?parent=55591"}],"wp:term":[{"taxonomy":"category","embeddable":true,"href":"https:\/\/www.elsindical.com.ar\/notas\/wp-json\/wp\/v2\/categories?post=55591"},{"taxonomy":"post_tag","embeddable":true,"href":"https:\/\/www.elsindical.com.ar\/notas\/wp-json\/wp\/v2\/tags?post=55591"}],"curies":[{"name":"wp","href":"https:\/\/api.w.org\/{rel}","templated":true}]}}