{"id":55570,"date":"2015-12-01T20:00:31","date_gmt":"2015-12-01T23:00:31","guid":{"rendered":"http:\/\/www.elsindical.com.ar\/notas\/?p=55570"},"modified":"2015-12-01T20:00:31","modified_gmt":"2015-12-01T23:00:31","slug":"la-plata-detienen-a-joven-por-pedirle-sexo-oral-a-una-nena","status":"publish","type":"post","link":"https:\/\/www.elsindical.com.ar\/notas\/la-plata-detienen-a-joven-por-pedirle-sexo-oral-a-una-nena\/","title":{"rendered":"La Plata: Detienen a joven por pedirle sexo oral a una nena"},"content":{"rendered":"<p class=\"p1 newDetailTextChange\"><em>\u00a0<a href=\"http:\/\/www.elsindical.com.ar\/notas\/var\/www\/html\/notas\/wp-content\/uploads\/2010\/01\/esposado1.jpg\"><img loading=\"lazy\" decoding=\"async\" class=\"alignnone size-full wp-image-3088\" src=\"http:\/\/www.elsindical.com.ar\/notas\/var\/www\/html\/notas\/wp-content\/uploads\/2010\/01\/esposado1.jpg\" alt=\"esposado\" width=\"227\" height=\"157\" \/><\/a> Se trata de un joven de 23 a\u00f1os que, en la localidad de City Bell, lleg\u00f3 a ofrecerle dinero a una peque\u00f1a de 6 para realizarle la pr\u00e1ctica. La intervenci\u00f3n de los vecinos evit\u00f3 el abuso.<\/em><\/p>\n<p>Un <b>joven de 23 a\u00f1os<\/b> que le ofreci\u00f3 dinero a una nena de 6 para que le practique sexo oral fue detenido por la polic\u00eda en la localidad platense de <b>City Bell<\/b>.<\/p>\n<p>De acuerdo a lo que pudo averiguarse, los hechos se registraron en la zona de 455 y 20 de la capital provincial cuando <b>un llamado al 911<\/b> alert\u00f3 una gresca en la v\u00eda p\u00fablica.<\/p>\n<p>Al acercarse los primeros m\u00f3viles policiales, se supo que un joven <b>hab\u00eda sido agredido por un grupo de personas<\/b>, todas familiares de una nena que habr\u00eda sido objeto de un intento de abuso sexual.<\/p>\n<p class=\"p1 newDetailTextChange\"><b>Intent\u00f3 pagarle<\/b><\/p>\n<p>Seg\u00fan se <b>denunci\u00f3 posteriormente<\/b> en la Comisar\u00eda D\u00e9cima, el joven le hab\u00eda ofrecido dinero a la ni\u00f1a <b>para obtener sexo oral<\/b>.<\/p>\n<p>Al llegar la polic\u00eda, detuvo al acusado y lo puso a disposici\u00f3n de la UFI en turno del Departamento Judicial de La Plata.<\/p>\n<p>Por su parte, la menor y su progenitor fueron derivados al <b>Gabinete de Abuso Sexual <\/b>de la DDI local, donde se les tom\u00f3 declaraci\u00f3n y le realizaron estudios m\u00e9dicos a la v\u00edctima.<\/p>\n","protected":false},"excerpt":{"rendered":"<p>\u00a0 Se trata de un joven de 23 a\u00f1os que, en la localidad de City Bell, lleg\u00f3 a ofrecerle dinero a una peque\u00f1a de 6 para realizarle la pr\u00e1ctica. La intervenci\u00f3n de los vecinos evit\u00f3 el abuso. Un joven de 23 a\u00f1os que le ofreci\u00f3 dinero a una nena de 6 para que le practique&hellip;<\/p>\n","protected":false},"author":1,"featured_media":0,"comment_status":"open","ping_status":"open","sticky":false,"template":"","format":"standard","meta":{"footnotes":""},"categories":[22],"tags":[377,91,239,223,2445],"class_list":["post-55570","post","type-post","status-publish","format-standard","hentry","category-policiales","tag-city-bell","tag-detenido","tag-la-plata","tag-menor","tag-sexo-oral"],"_links":{"self":[{"href":"https:\/\/www.elsindical.com.ar\/notas\/wp-json\/wp\/v2\/posts\/55570","targetHints":{"allow":["GET"]}}],"collection":[{"href":"https:\/\/www.elsindical.com.ar\/notas\/wp-json\/wp\/v2\/posts"}],"about":[{"href":"https:\/\/www.elsindical.com.ar\/notas\/wp-json\/wp\/v2\/types\/post"}],"author":[{"embeddable":true,"href":"https:\/\/www.elsindical.com.ar\/notas\/wp-json\/wp\/v2\/users\/1"}],"replies":[{"embeddable":true,"href":"https:\/\/www.elsindical.com.ar\/notas\/wp-json\/wp\/v2\/comments?post=55570"}],"version-history":[{"count":1,"href":"https:\/\/www.elsindical.com.ar\/notas\/wp-json\/wp\/v2\/posts\/55570\/revisions"}],"predecessor-version":[{"id":55571,"href":"https:\/\/www.elsindical.com.ar\/notas\/wp-json\/wp\/v2\/posts\/55570\/revisions\/55571"}],"wp:attachment":[{"href":"https:\/\/www.elsindical.com.ar\/notas\/wp-json\/wp\/v2\/media?parent=55570"}],"wp:term":[{"taxonomy":"category","embeddable":true,"href":"https:\/\/www.elsindical.com.ar\/notas\/wp-json\/wp\/v2\/categories?post=55570"},{"taxonomy":"post_tag","embeddable":true,"href":"https:\/\/www.elsindical.com.ar\/notas\/wp-json\/wp\/v2\/tags?post=55570"}],"curies":[{"name":"wp","href":"https:\/\/api.w.org\/{rel}","templated":true}]}}