{"id":55553,"date":"2015-12-01T00:54:22","date_gmt":"2015-12-01T03:54:22","guid":{"rendered":"http:\/\/www.elsindical.com.ar\/notas\/?p=55553"},"modified":"2015-12-01T00:54:22","modified_gmt":"2015-12-01T03:54:22","slug":"efemerides-del-dia-1-de-diciembre-2","status":"publish","type":"post","link":"https:\/\/www.elsindical.com.ar\/notas\/efemerides-del-dia-1-de-diciembre-2\/","title":{"rendered":"EFEM\u00c9RIDES: DEL D\u00cdA 1 DE DICIEMBRE"},"content":{"rendered":"<p>D\u00eda mundial de la lucha contra el SIDA.<\/p>\n<p>\u2013 D\u00eda del Ama de Casa.<\/p>\n<p>D\u00eda de San Mariano.<\/p>\n<p>1640 \u2013 Portugal se separa de la Corona espa\u00f1ola.<\/p>\n<p>1828 \u2013 El general Juan Lavalle regresa victorioso de Brasil y depone y sustituye al gobernador de Buenos Aires, coronel Manuel Dorrego.<\/p>\n<p>1866 \u2013 El escritor Estanislao del Campo publica \u201cFausto\u201d, poema en lenguaje gauchesco.<\/p>\n<p>1878 \u2013 La expedici\u00f3n naval del comodoro Luis Py iza el pabell\u00f3n argentino en el cerro del Ca\u00f1ad\u00f3n de los Misioneros, junto al r\u00edo Santa Cruz. En la fecha se<\/p>\n<p>1887 \u2013 El personaje de Sherlok Holmes toma vida con la aparici\u00f3n de \u201cA Study in Scarlet\u201d.<\/p>\n<p>1889 \u2013 Se funda el club Argentino de Quilmes.<\/p>\n<p>1900 \u2013 Aparece en Alemania Iskra (La Chispa), peri\u00f3dico dirigido por Lenin.<\/p>\n<p>1913 \u2013 Se inaugura la L\u00ednea A de subterr\u00e1neos de Buenos Aires.<\/p>\n<p>1913 \u2013 Abre la primera estaci\u00f3n de gasolina drive-up, en Pittsburgh, Estados Unidos.<\/p>\n<p>1927 \u2013 Primera transmision de im\u00e1genes por tel\u00e9grafo entre Berl\u00edn y Viena.<\/p>\n<p>1922 \u2013 Se funda el Club Atl\u00e9tico Cerro, de Montevideo, Uruguay.<\/p>\n<p>1929 \u2013 Edwin Lowe inventa el Bingo.<\/p>\n<p>1930 \u2013 Nace el cineasta franc\u00e9s Jean Luc Godard.<\/p>\n<p>1935 \u2013 Nace Woody Allen, cineasta y humorista estadounidense.<\/p>\n<p>1936 \u2013 Roosevelt inaugura en Buenos Aires la Conferencia Panamericana de Consolidaci\u00f3n de la Paz.<\/p>\n<p>1943 \u2013 Concluye la Conferencia de Teher\u00e1n, en la que participan Churchill (Gran Breta\u00f1a), Roosevelt (EEUU) y Stalin (URSS).<\/p>\n<p>1945 \u2013 En Nuremberg, Rudolph Hess, quien admiti\u00f3 haber fingido amnesia, tiene que ir a juicio con sus compa\u00f1eros nazis.<\/p>\n<p>1945 \u2013 El gobierno del general Farrell realiza la convocatoria a elecciones generales (en ellas ser\u00eda elegido presidente Juan Domingo Per\u00f3n).<\/p>\n<p>1945 \u2013 Nace la actriz estadounidense Bette Midler.<\/p>\n<p>1947 \u2013 Muere el escritor y m\u00edstico Aleister Crowley, traductor y ferviente defensor del \u201cI Ching\u201d.<\/p>\n<p>1951 \u2013 Nace John Francis \u201cJaco\u201d Pastorius, m\u00fasico estadounidense.<\/p>\n<p>1952 \u2013 Muere Vittorio Emmanuele Orlando, pol\u00edtico italiano.<\/p>\n<p>1959 \u2013 12 naciones firman el Tratado Ant\u00e1rtico por el cual se comprometen a no reclamar parte alguna del continente blanco.<\/p>\n<p>1959 \u2013 Primera fotograf\u00eda color del planeta Tierra desde el espacio.<\/p>\n<p>1961 \u2013 Nace el m\u00fasico argentino Lito Vitale.<\/p>\n<p>1966 \u2013 Ludwig Erhard renuncia como canciller de Alemania.<\/p>\n<p>1973 \u2013 Fallece David Ben Guri\u00f3n, ex primer ministro de Israel.<\/p>\n<p>1975 \u2013 Cient\u00edficos norteamericanos lograron ver el interior del cuerpo humano mediante la t\u00e9cnica de holograf\u00eda sonora.<\/p>\n<p>1980 \u2013 Abre el Centro Cultural Recoleta, en la ciudad de Buenos Aires.<\/p>\n<p>1980 \u2013 El pueblo uruguayo rechaza en plebiscito el proyecto constitucional elaborado por el r\u00e9gimen militar en el poder.<\/p>\n<p>1989 \u2013 Hist\u00f3rico encuentro entre Gorbachov y el Papa Juan Pablo II en el Vaticano.<\/p>\n<p>1990 \u2013 Gran Breta\u00f1a deja de ser una Naci\u00f3n insular al unirse las dos secciones en servicio del tunel del Canal de la Mancha.<\/p>\n<p>1994 \u2013 V\u00e9lez Sarsfield vence al Milan por 2 a 0 en Tokio y conquista la Copa Intercontinental.<\/p>\n<p>2002 \u2013 La protesta contra el vertido en aguas gallegas del petrolero \u201cPrestige\u201d re\u00fane en Santiago de Compostela a 200.000 personas.<\/p>\n<p>2004 \u2013 El escritor y periodista cubano Ra\u00fal Rivero es liberado tras una fuerte presi\u00f3n internacional para obtener las excarcelaciones de prisioneros del llamado Grupo de los 75 disidentes, arrestados en 2003 por el gobierno de Fidel Castro.<\/p>\n<p>&nbsp;<\/p>\n","protected":false},"excerpt":{"rendered":"<p>D\u00eda mundial de la lucha contra el SIDA. \u2013 D\u00eda del Ama de Casa. D\u00eda de San Mariano. 1640 \u2013 Portugal se separa de la Corona espa\u00f1ola. 1828 \u2013 El general Juan Lavalle regresa victorioso de Brasil y depone y sustituye al gobernador de Buenos Aires, coronel Manuel Dorrego. 1866 \u2013 El escritor Estanislao del&hellip;<\/p>\n","protected":false},"author":1,"featured_media":0,"comment_status":"open","ping_status":"open","sticky":false,"template":"","format":"standard","meta":{"footnotes":""},"categories":[14],"tags":[],"class_list":["post-55553","post","type-post","status-publish","format-standard","hentry","category-efemerides"],"_links":{"self":[{"href":"https:\/\/www.elsindical.com.ar\/notas\/wp-json\/wp\/v2\/posts\/55553","targetHints":{"allow":["GET"]}}],"collection":[{"href":"https:\/\/www.elsindical.com.ar\/notas\/wp-json\/wp\/v2\/posts"}],"about":[{"href":"https:\/\/www.elsindical.com.ar\/notas\/wp-json\/wp\/v2\/types\/post"}],"author":[{"embeddable":true,"href":"https:\/\/www.elsindical.com.ar\/notas\/wp-json\/wp\/v2\/users\/1"}],"replies":[{"embeddable":true,"href":"https:\/\/www.elsindical.com.ar\/notas\/wp-json\/wp\/v2\/comments?post=55553"}],"version-history":[{"count":1,"href":"https:\/\/www.elsindical.com.ar\/notas\/wp-json\/wp\/v2\/posts\/55553\/revisions"}],"predecessor-version":[{"id":55554,"href":"https:\/\/www.elsindical.com.ar\/notas\/wp-json\/wp\/v2\/posts\/55553\/revisions\/55554"}],"wp:attachment":[{"href":"https:\/\/www.elsindical.com.ar\/notas\/wp-json\/wp\/v2\/media?parent=55553"}],"wp:term":[{"taxonomy":"category","embeddable":true,"href":"https:\/\/www.elsindical.com.ar\/notas\/wp-json\/wp\/v2\/categories?post=55553"},{"taxonomy":"post_tag","embeddable":true,"href":"https:\/\/www.elsindical.com.ar\/notas\/wp-json\/wp\/v2\/tags?post=55553"}],"curies":[{"name":"wp","href":"https:\/\/api.w.org\/{rel}","templated":true}]}}