{"id":55532,"date":"2015-11-30T09:49:25","date_gmt":"2015-11-30T12:49:25","guid":{"rendered":"http:\/\/www.elsindical.com.ar\/notas\/?p=55532"},"modified":"2015-11-30T09:49:25","modified_gmt":"2015-11-30T12:49:25","slug":"reclaman-justicia-por-joshua-vaello","status":"publish","type":"post","link":"https:\/\/www.elsindical.com.ar\/notas\/reclaman-justicia-por-joshua-vaello\/","title":{"rendered":"Reclaman justicia por Joshua Vaello"},"content":{"rendered":"<p class=\"bajada\"><em><a href=\"http:\/\/www.elsindical.com.ar\/notas\/var\/www\/html\/notas\/wp-content\/uploads\/2015\/11\/Joshua-Vaello.jpg\"><img loading=\"lazy\" decoding=\"async\" class=\"alignnone size-medium wp-image-55533\" src=\"http:\/\/www.elsindical.com.ar\/notas\/var\/www\/html\/notas\/wp-content\/uploads\/2015\/11\/Joshua-Vaello-300x217.jpg\" alt=\"Joshua-Vaello\" width=\"300\" height=\"217\" srcset=\"https:\/\/www.elsindical.com.ar\/notas\/var\/www\/html\/notas\/wp-content\/uploads\/2015\/11\/Joshua-Vaello-300x217.jpg 300w, https:\/\/www.elsindical.com.ar\/notas\/var\/www\/html\/notas\/wp-content\/uploads\/2015\/11\/Joshua-Vaello-415x300.jpg 415w, https:\/\/www.elsindical.com.ar\/notas\/var\/www\/html\/notas\/wp-content\/uploads\/2015\/11\/Joshua-Vaello.jpg 531w\" sizes=\"auto, (max-width: 300px) 100vw, 300px\" \/><\/a>\u00a0 A seis meses del homicidio del joven de Villa Fiorito, sus familiares consideran que la causa judicial \u201cest\u00e1 m\u00e1s parada que nunca\u201d.<\/em><\/p>\n<p id=\"pcontnota\">El 18 de noviembre se cumpli\u00f3 medio a\u00f1o del fallecimiento de joven. Quien es se\u00f1alado como su presunto asesino, Adri\u00e1n Santill\u00e1n, contin\u00faa en libertad. \u201cSus vecinos nos dicen que lo siguen viendo ir y venir por el barrio, como si nada\u201d afirm\u00f3 el padre de la v\u00edctima, Cristian Vaello.<\/p>\n<p>Es que, seg\u00fan Cristian, la causa judicial por el crimen de su hijo \u201cest\u00e1 m\u00e1s parada que nunca\u201d. \u201cHace rato que no tengo di\u00e1logo con la Polic\u00eda ni con los jueces, porque siempre nos dijeron que estaban trabajando pero nunca avanzaron. No puede ser que este pibe (por Santill\u00e1n) siga haciendo lo que quiere\u201d, se quej\u00f3.<\/p>\n<p>La pareja de Joshua, Daniela Flores, coincidi\u00f3 con su suegro y expres\u00f3 que las investigaciones \u201cquedaron en la nada\u201d. \u201cLa causa qued\u00f3 ah\u00ed\u201d, advirti\u00f3, y asegur\u00f3 que \u201cel oficial a cargo de la causa dice que est\u00e1 trabajando, pero que no sabe nada\u201d<\/p>\n<p>Para Cristian, la Fiscal\u00eda a la que se le asign\u00f3 el caso \u201cest\u00e1 trabajando mal\u201d. \u201cIgualmente, yo s\u00e9 que hay una justicia divina. Estoy seguro que alg\u00fan d\u00eda se va hacer justicia y que voy a recibir un llamado y me van a decir que est\u00e1 preso (por Santill\u00e1n)\u201d, expres\u00f3, emocionado.<\/p>\n<p>\u201cLo \u00fanico que quiero es que la pague. No le deseo nada de lo peor, sino que cumpla la condena que se merece\u201d, precis\u00f3. En ese sentido, Daniela explic\u00f3 que \u201clo \u00fanico que quiere\u201d es \u201cque haya justicia\u201d para su hijo de 2 a\u00f1os, que recuerda a su padre difunto todos los d\u00edas. \u201cQuiero que el d\u00eda de ma\u00f1ana, cuando \u00e9l me pregunte por el asesino de su pap\u00e1, yo le pueda decir que est\u00e1 pagando por lo que hizo\u201d, explic\u00f3.<\/p>\n<p>La familia del joven realiz\u00f3 tres marchas para pedir el esclarecimiento del hecho, de las cuales la \u00faltima de ellas ocurri\u00f3 en agosto y tuvo como destino los Tribunales de Lomas de Zamora.\u00a0Cristian asegur\u00f3 que no planea volver a realizar movilizaciones porque, seg\u00fan indic\u00f3, \u201cno es la mejor manera de recordarlo\u201d.<\/p>\n<p>El hombre, quien desde hace tres meses fue elegido presidente de la sociedad de fomento barrial en la que su hijo jugaba al f\u00fatbol, trabaja en la construcci\u00f3n de un comedor que llevar\u00e1 el nombre de Joshua, el cual ser\u00eda inaugurado el a\u00f1o que viene. Sin embargo, funciona hoy como merendero, por lo que ya aceptan la donaci\u00f3n de alimentos no perecederos. \u201cTenemos mejores maneras de recordarlo que con una marcha. Preferimos luchar de esta forma\u201d, explic\u00f3.<\/p>\n<p>El espacio est\u00e1 ubicado en Darwin 1735, en Villa Fiorito, Lomas de Zamora. Est\u00e1 a pocos metros del terreno donde Joshua fue acribillado, en el mismo lugar donde se juntaba con sus amigos despu\u00e9s de ir a bailar.<\/p>\n<p>Joshua Vaello ten\u00eda 21 a\u00f1os y un nene de 2. Muri\u00f3 el 18 de mayo en el hospital. Hab\u00eda sido baleado a metros de su casa, en Villa Fiorito. Seg\u00fan afirmaron testigos, luego de dispararle, el agresor \u2013que seg\u00fan la denuncia, estaba acompa\u00f1ado por dos personas- escap\u00f3.<\/p>\n<p>Desde ese momento, la Polic\u00eda realiz\u00f3 una serie de allanamientos, pero los efectivos no logran dar con el hombre ni con el de los acompa\u00f1antes.<\/p>\n<p>La investigaci\u00f3n est\u00e1 a cargo de la Unidad Funcional de Instrucci\u00f3n (UFI) 13 del Departamento Judicial de Lomas de Zamora, a cargo del Fiscal C\u00e9sar Lucero.<\/p>\n","protected":false},"excerpt":{"rendered":"<p>\u00a0 A seis meses del homicidio del joven de Villa Fiorito, sus familiares consideran que la causa judicial \u201cest\u00e1 m\u00e1s parada que nunca\u201d. El 18 de noviembre se cumpli\u00f3 medio a\u00f1o del fallecimiento de joven. Quien es se\u00f1alado como su presunto asesino, Adri\u00e1n Santill\u00e1n, contin\u00faa en libertad. \u201cSus vecinos nos dicen que lo siguen viendo&hellip;<\/p>\n","protected":false},"author":1,"featured_media":0,"comment_status":"open","ping_status":"open","sticky":false,"template":"","format":"standard","meta":{"footnotes":""},"categories":[25],"tags":[22489,22488,41,11092,4292],"class_list":["post-55532","post","type-post","status-publish","format-standard","hentry","category-sociedad","tag-fiscal-cesar-lucero","tag-joshua-vaello","tag-justicia","tag-ufi-13","tag-villa-fiorito"],"_links":{"self":[{"href":"https:\/\/www.elsindical.com.ar\/notas\/wp-json\/wp\/v2\/posts\/55532","targetHints":{"allow":["GET"]}}],"collection":[{"href":"https:\/\/www.elsindical.com.ar\/notas\/wp-json\/wp\/v2\/posts"}],"about":[{"href":"https:\/\/www.elsindical.com.ar\/notas\/wp-json\/wp\/v2\/types\/post"}],"author":[{"embeddable":true,"href":"https:\/\/www.elsindical.com.ar\/notas\/wp-json\/wp\/v2\/users\/1"}],"replies":[{"embeddable":true,"href":"https:\/\/www.elsindical.com.ar\/notas\/wp-json\/wp\/v2\/comments?post=55532"}],"version-history":[{"count":1,"href":"https:\/\/www.elsindical.com.ar\/notas\/wp-json\/wp\/v2\/posts\/55532\/revisions"}],"predecessor-version":[{"id":55534,"href":"https:\/\/www.elsindical.com.ar\/notas\/wp-json\/wp\/v2\/posts\/55532\/revisions\/55534"}],"wp:attachment":[{"href":"https:\/\/www.elsindical.com.ar\/notas\/wp-json\/wp\/v2\/media?parent=55532"}],"wp:term":[{"taxonomy":"category","embeddable":true,"href":"https:\/\/www.elsindical.com.ar\/notas\/wp-json\/wp\/v2\/categories?post=55532"},{"taxonomy":"post_tag","embeddable":true,"href":"https:\/\/www.elsindical.com.ar\/notas\/wp-json\/wp\/v2\/tags?post=55532"}],"curies":[{"name":"wp","href":"https:\/\/api.w.org\/{rel}","templated":true}]}}